{"id":20194,"date":"2022-08-19T20:00:16","date_gmt":"2022-08-19T23:00:16","guid":{"rendered":"https:\/\/guiadenoticias.com.ar\/diario\/?p=20194"},"modified":"2022-08-28T23:25:54","modified_gmt":"2022-08-29T02:25:54","slug":"moreira-inauguro-el-nuevo-edificio-de-la-escuela-antonio-berni","status":"publish","type":"post","link":"https:\/\/guiadenoticias.com.ar\/diario\/moreira-inauguro-el-nuevo-edificio-de-la-escuela-antonio-berni\/","title":{"rendered":"Moreira inaugur\u00f3 el nuevo edificio de la escuela Antonio Berni"},"content":{"rendered":"<p>Viernes 19 de agosto, un d\u00eda primaveral le dio el marco perfecto a la fiesta de la cultura en San Mart\u00edn, por la inauguraci\u00f3n del nuevo edificio de la Escuela de Artes Visuales Antonio Berni. Ubicado en Liniers 2075, ya desde la calle cortada al tr\u00e1nsito se respiraba cultura con sus alumnos pintando y haciendo m\u00fasica a modo de exposici\u00f3n de su trabajo, y para celebrar un logro esperado durante varios a\u00f1os.<\/p>\n<p>Estuvieron en la nueva sede el intendente Fernando Moreira, acompa\u00f1ado por el diputado nacional Leonardo Grosso; la secretaria para la Integraci\u00f3n Educativa, Cultural y Deportiva, Nancy Cappelloni; el director de Educaci\u00f3n Art\u00edstica de la Provincia, Fabi\u00e1n Daniel; la presidenta del Consejo Escolar, Lidia Trinidad, y la secretaria de Mujeres G\u00e9neros e Infancias de San Mart\u00edn, Marcela Ferri, entre otros.<\/p>\n<p>Las autoridades recorrieron las instalaciones de la escuela guiados por su directora Cristina San Mart\u00edn. M\u00e1s tarde hicieron lo propio el ministro de Obras P\u00fablicas de la Naci\u00f3n, Gabriel Katopodis, y el director General de Cultura y Educaci\u00f3n, Alberto Sileoni.<\/p>\n<p>El edificio de tres plantas refaccionado \u00edntegramente con fondos municipales a trav\u00e9s del programa \u201cHaciendo escuela\u201d, cuenta con cinco amplias aulas-taller totalmente equipadas, un SUM para exposiciones con proyector, espacios administrativos, \u00e1reas de estar, patios, ascensor, sanitarios y nuevo mobiliario.<\/p>\n<p>Luego del contacto con estudiantes, que distribuidos en las distintas \u00e1reas expusieron su trabajo, durante el acto inaugural, el intendente Moreira le manifest\u00f3 a Gu\u00eda de Noticias: \u201cEstoy muy contento, porque esto era una demanda hist\u00f3rica de la comunidad educativa de la escuela Berni, una instituci\u00f3n muy prestigiosa que nos llena de orgulloso a todos los sanmartinenses y que merec\u00eda tener un edificio de estas caracter\u00edsticas, para que pueda llevar adelante la tarea de formar docentes de artes visuales\u201d.<\/p>\n<p>Y en ese sentido destac\u00f3 que \u201cla cultura es un desaf\u00edo permanente, la educaci\u00f3n, el arte; estamos convencidos de que genera transformaci\u00f3n individual, pero tambi\u00e9n colectiva, por eso nos comprometemos, aportamos y enfrentamos junto con el Estado nacional y provincial distintos proyectos, para en definitiva mejorar la vida de nuestros vecinos y vecinas\u201d.<\/p>\n<p>Por su parte, el diputado Grosso declar\u00f3 a este portal, \u201clas mejoras edilicias para que los alumnos y docentes puedan trabajar mejor, para nosotros es muy importante. Este instituto de formaci\u00f3n es un ejemplo en la provincia de Buenos Aires, es un orgullo para San Mart\u00edn. Muchos de nuestros vecinos y vecinas se formaron ac\u00e1, muchos artistas se formaron en esta escuela y que tenga una construcci\u00f3n de la calidad como la que hoy inauguramos nos llena de alegr\u00eda\u201d.<\/p>\n<p>Y agreg\u00f3: \u201cLa pandemia afect\u00f3 much\u00edsimo a la cultura y a los espacios culturales, por eso nosotros tenemos que abrazarlos. Que esto despu\u00e9s de tantos a\u00f1os de pelea de la comunidad educativa de la Berni, en articulaci\u00f3n con el Estado pueda hacerse realidad es un poco un mimo que va en esa direcci\u00f3n, en el sentido donde nosotros queremos ejercer la pol\u00edtica p\u00fablica\u201d.<\/p>\n<p>M\u00e1s tarde, en rueda de prensa Sileoni afirm\u00f3, \u201cquiero destacar la presencia de un Estado municipal que escucha y entiende la importancia de la educaci\u00f3n p\u00fablica, que con un esfuerzo extraordinario logr\u00f3 dedicar parte del Fondo Educativo para hacer esta obra tan emblem\u00e1tica y necesaria. Vamos a seguir trabajando para que los m\u00e1s de 5 millones de estudiantes de la Provincia tengan un lugar as\u00ed\u201d.<\/p>\n<p>De esta manera, los m\u00e1s de 1200 alumnos de la escuela p\u00fablica, popular y gratuita Antonio Berni en sus tres carreras (Tecnicatura en Dise\u00f1o de Imagen y Sonido, Tecnicatura en Dise\u00f1o Gr\u00e1fico, Profesorado de Artes Visuales con orientaci\u00f3n en pintura, grabado y escultura) podr\u00e1n hacer uso de esta nueva obra en aproximadamente 10 d\u00edas, luego de la mudanza y puesta a punto del edificio.<\/p>\n<p>Cabe recordar que la obra de esta escuela provincial estuvo abandonada muchos a\u00f1os y s\u00f3lo ten\u00eda un avance del 30% cuando el municipio la retom\u00f3 en 2021. La nueva sede funcionar\u00e1 como anexo de la actual, aumentando la capacidad total de estudiantes.<\/p>\n","protected":false},"excerpt":{"rendered":"<p>Viernes 19 de agosto, un d\u00eda primaveral le dio el marco perfecto a la fiesta de la cultura en San Mart\u00edn, por la inauguraci\u00f3n del nuevo edificio de la Escuela de Artes Visuales Antonio Berni. Ubicado en Liniers 2075, ya desde la calle cortada al tr\u00e1nsito se respiraba cultura con sus alumnos pintando y haciendo [&hellip;]<\/p>\n","protected":false},"author":1,"featured_media":20195,"comment_status":"closed","ping_status":"closed","sticky":false,"template":"","format":"standard","meta":{"footnotes":""},"categories":[50,70,20,24],"tags":[74,85],"class_list":{"0":"post-20194","1":"post","2":"type-post","3":"status-publish","4":"format-standard","5":"has-post-thumbnail","7":"category-cultura","8":"category-las-mas-leidas","9":"category-municipios","10":"category-san-martin","11":"tag-fernando-moreira","12":"tag-gabriel-katopodis"},"aioseo_notices":[],"_links":{"self":[{"href":"https:\/\/guiadenoticias.com.ar\/diario\/wp-json\/wp\/v2\/posts\/20194","targetHints":{"allow":["GET"]}}],"collection":[{"href":"https:\/\/guiadenoticias.com.ar\/diario\/wp-json\/wp\/v2\/posts"}],"about":[{"href":"https:\/\/guiadenoticias.com.ar\/diario\/wp-json\/wp\/v2\/types\/post"}],"author":[{"embeddable":true,"href":"https:\/\/guiadenoticias.com.ar\/diario\/wp-json\/wp\/v2\/users\/1"}],"replies":[{"embeddable":true,"href":"https:\/\/guiadenoticias.com.ar\/diario\/wp-json\/wp\/v2\/comments?post=20194"}],"version-history":[{"count":1,"href":"https:\/\/guiadenoticias.com.ar\/diario\/wp-json\/wp\/v2\/posts\/20194\/revisions"}],"predecessor-version":[{"id":20196,"href":"https:\/\/guiadenoticias.com.ar\/diario\/wp-json\/wp\/v2\/posts\/20194\/revisions\/20196"}],"wp:featuredmedia":[{"embeddable":true,"href":"https:\/\/guiadenoticias.com.ar\/diario\/wp-json\/wp\/v2\/media\/20195"}],"wp:attachment":[{"href":"https:\/\/guiadenoticias.com.ar\/diario\/wp-json\/wp\/v2\/media?parent=20194"}],"wp:term":[{"taxonomy":"category","embeddable":true,"href":"https:\/\/guiadenoticias.com.ar\/diario\/wp-json\/wp\/v2\/categories?post=20194"},{"taxonomy":"post_tag","embeddable":true,"href":"https:\/\/guiadenoticias.com.ar\/diario\/wp-json\/wp\/v2\/tags?post=20194"}],"curies":[{"name":"wp","href":"https:\/\/api.w.org\/{rel}","templated":true}]}}