{"id":20235,"date":"2022-08-26T22:00:09","date_gmt":"2022-08-27T01:00:09","guid":{"rendered":"https:\/\/guiadenoticias.com.ar\/diario\/?p=20235"},"modified":"2022-08-30T01:26:15","modified_gmt":"2022-08-30T04:26:15","slug":"moron-presento-el-consejo-asesor-del-gobierno-municipal","status":"publish","type":"post","link":"https:\/\/guiadenoticias.com.ar\/diario\/moron-presento-el-consejo-asesor-del-gobierno-municipal\/","title":{"rendered":"Mor\u00f3n present\u00f3 el Consejo Asesor del gobierno municipal"},"content":{"rendered":"<p>El intendente de Mor\u00f3n, Lucas Ghi, junto con su gabinete, encabez\u00f3 la primera reuni\u00f3n del Consejo Asesor Municipal, integrado por alrededor de 70 representantes de toda la comunidad. Se trata de una nueva instancia, impulsada por el Ejecutivo local, para promover la participaci\u00f3n directa de todos los sectores que integran la comunidad moronense, en el seguimiento de las pol\u00edticas p\u00fablicas que lleva adelante el municipio.<\/p>\n<p>De acuerdo a lo establecido en el encuentro, la metodolog\u00eda de trabajo del Consejo Asesor ser\u00e1 con reuniones plenarias peri\u00f3dicas en las que se abordar\u00e1 el tratamiento de diferentes acciones espec\u00edficas que impulsa la Comuna. Las y los representantes de las distintas organizaciones plantear\u00e1n sus opiniones e inquietudes, como aporte al dise\u00f1o de las pol\u00edticas municipales.<\/p>\n<p>\u201cEs un \u00e1mbito que existe en Mor\u00f3n hace m\u00e1s de 20 a\u00f1os, que tiene como principal prop\u00f3sito darle car\u00e1cter participativo a cada una de las pol\u00edticas p\u00fablicas que impulsamos desde el gobierno municipal. Y eso implica generar las condiciones para que esa participaci\u00f3n efectivamente suceda. Entonces tienen que existir circuitos de intercambio de comunicaci\u00f3n, de formaci\u00f3n, de producci\u00f3n de contenidos, que luego se traduzcan en iniciativas desde el Estado\u201d, sostuvo el jefe comunal, al finalizar la reuni\u00f3n que se llev\u00f3 a cabo en el Palacio Municipal.<\/p>\n<p>La iniciativa tiene como antecedente una convocatoria similar, llevada adelante en 2002 por el entonces intendente Mart\u00edn Sabbatella. En aquella oportunidad, el Consejo Asesor acompa\u00f1\u00f3 y aport\u00f3 a la instrumentaci\u00f3n de pol\u00edticas p\u00fablicas municipales que colaboraron para superar uno de los momentos socioecon\u00f3micos m\u00e1s cr\u00edticos de la historia argentina.<\/p>\n<p>El nuevo \u00f3rgano de participaci\u00f3n est\u00e1 integrado por el Obispado de Mor\u00f3n, el Consejo Pastoral, la Iglesia Metodista, la Iglesia Mormona, el Colegio de Abogados de Mor\u00f3n, el Colegio de Escribanos de Mor\u00f3n, el Colegio de Psic\u00f3logos, el Colegio de Ingenieros, el Colegio de T\u00e9cnicos, el Colegio de M\u00e9dicos, el Colegio de Agrimensores, el Colegio de Ciencias Econ\u00f3micas, el Colegio de Farmac\u00e9uticos, el Colegio de Kinesi\u00f3logos, el Consejo de Qu\u00edmica, el Colegio de Martilleros, el Colegio de Trabajadores Sociales, el Colegio de Arquitectos, la C\u00e1mara de Comercio de Haedo y la Asociaci\u00f3n Comercial e Industrial de Mor\u00f3n.<\/p>\n<p>Tambi\u00e9n la C\u00e1mara de Farmacias Bonaerenses, la Uni\u00f3n de Talleristas y Automotores, el Centro Comercial e Industrial de Castelar, la C\u00e1mara de la Industria de El Palomar, la Uni\u00f3n de Almaceneros, la Uni\u00f3n de Comerciantes Ag\u00fcero, el Centro de Industriales Panaderos, la Uni\u00f3n Industrial del Oeste, IDEB, CGRA, la Asociaci\u00f3n de Magistrados, la CGT, la CTA, la Direcci\u00f3n de Educaci\u00f3n de Gesti\u00f3n Privada, el Concejo Escolar de Mor\u00f3n, la Universidad de Mor\u00f3n, la inspectora Jefe de la Regi\u00f3n 8va del Estado, la Universidad Abierta Interamericana, la UTN Haedo, la Fuerza A\u00e9rea, el \u00f3rgano m\u00e1ximo de representaci\u00f3n de ciudadanos italianos COM.IT.ES, el Club Deportivo Mor\u00f3n, el Concejo Deliberante de Mor\u00f3n y el gabinete municipal.<\/p>\n","protected":false},"excerpt":{"rendered":"<p>El intendente de Mor\u00f3n, Lucas Ghi, junto con su gabinete, encabez\u00f3 la primera reuni\u00f3n del Consejo Asesor Municipal, integrado por alrededor de 70 representantes de toda la comunidad. Se trata de una nueva instancia, impulsada por el Ejecutivo local, para promover la participaci\u00f3n directa de todos los sectores que integran la comunidad moronense, en el [&hellip;]<\/p>\n","protected":false},"author":1,"featured_media":20236,"comment_status":"closed","ping_status":"closed","sticky":false,"template":"","format":"standard","meta":{"footnotes":""},"categories":[28,20],"tags":[73,223],"class_list":{"0":"post-20235","1":"post","2":"type-post","3":"status-publish","4":"format-standard","5":"has-post-thumbnail","7":"category-moron","8":"category-municipios","9":"tag-lucas-ghi","10":"tag-politicas-publicas"},"aioseo_notices":[],"_links":{"self":[{"href":"https:\/\/guiadenoticias.com.ar\/diario\/wp-json\/wp\/v2\/posts\/20235","targetHints":{"allow":["GET"]}}],"collection":[{"href":"https:\/\/guiadenoticias.com.ar\/diario\/wp-json\/wp\/v2\/posts"}],"about":[{"href":"https:\/\/guiadenoticias.com.ar\/diario\/wp-json\/wp\/v2\/types\/post"}],"author":[{"embeddable":true,"href":"https:\/\/guiadenoticias.com.ar\/diario\/wp-json\/wp\/v2\/users\/1"}],"replies":[{"embeddable":true,"href":"https:\/\/guiadenoticias.com.ar\/diario\/wp-json\/wp\/v2\/comments?post=20235"}],"version-history":[{"count":1,"href":"https:\/\/guiadenoticias.com.ar\/diario\/wp-json\/wp\/v2\/posts\/20235\/revisions"}],"predecessor-version":[{"id":20237,"href":"https:\/\/guiadenoticias.com.ar\/diario\/wp-json\/wp\/v2\/posts\/20235\/revisions\/20237"}],"wp:featuredmedia":[{"embeddable":true,"href":"https:\/\/guiadenoticias.com.ar\/diario\/wp-json\/wp\/v2\/media\/20236"}],"wp:attachment":[{"href":"https:\/\/guiadenoticias.com.ar\/diario\/wp-json\/wp\/v2\/media?parent=20235"}],"wp:term":[{"taxonomy":"category","embeddable":true,"href":"https:\/\/guiadenoticias.com.ar\/diario\/wp-json\/wp\/v2\/categories?post=20235"},{"taxonomy":"post_tag","embeddable":true,"href":"https:\/\/guiadenoticias.com.ar\/diario\/wp-json\/wp\/v2\/tags?post=20235"}],"curies":[{"name":"wp","href":"https:\/\/api.w.org\/{rel}","templated":true}]}}