{"id":20240,"date":"2022-08-29T19:00:43","date_gmt":"2022-08-29T22:00:43","guid":{"rendered":"https:\/\/guiadenoticias.com.ar\/diario\/?p=20240"},"modified":"2022-09-03T01:34:07","modified_gmt":"2022-09-03T04:34:07","slug":"la-universidad-del-delta-avanza-hacia-la-media-sancion-en-diputados","status":"publish","type":"post","link":"https:\/\/guiadenoticias.com.ar\/diario\/la-universidad-del-delta-avanza-hacia-la-media-sancion-en-diputados\/","title":{"rendered":"La Universidad del Delta avanza hacia la media sanci\u00f3n en Diputados"},"content":{"rendered":"<p><strong>El proyecto de ley para la creaci\u00f3n de la Universidad del Delta (UNDelta) obtuvo dictamen en la reuni\u00f3n conjunta entre las Comisiones de Educaci\u00f3n y Presupuesto y Hacienda.<\/strong> La iniciativa, que fue presentada por el actual ministro de Econom\u00eda, Sergio Massa, junto con Alicia Aparicio, prev\u00e9 contar con una sede central en Tigre y dos sedes regionales en San Fernando y Escobar.<\/p>\n<p><strong>La UNDelta estar\u00e1 orientada a Tecnolog\u00eda, Ambiente, Actividad Naval y Turismo, y contar\u00e1 con una oferta de carreras con salida laboral r\u00e1pida.<\/strong><\/p>\n<p>\u201cLa creaci\u00f3n de la Universidad del Delta permitir\u00e1 capacitar a los j\u00f3venes para los empleos del futuro\u201d, dijo la diputada nacional, coautora del proyecto. Adem\u00e1s, la legisladora sanfernandina precis\u00f3 que \u201cla iniciativa impactar\u00e1 en una poblaci\u00f3n que ronda los 900 mil habitantes\u201d.<\/p>\n<p>El proyecto fue presentado por primera vez en el a\u00f1o 2020, por el entonces Presidente de la C\u00e1mara de Diputados, Sergio Massa, junto con Aparicio, y en enero de este a\u00f1o se incorpor\u00f3 al temario de extraordinarias, pero finalmente no tuvo tratamiento en ese momento.<\/p>\n<p>Durante el a\u00f1o 2021 obtuvo dictamen favorable del Consejo Interuniversitario Nacional (CIN). \u201cEl acuerdo del CIN se\u00f1ala que el informe de factibilidad resulta en t\u00e9rminos generales completo y plantea una propuesta formativa ligada al sector productivo local\u201d, coment\u00f3 la diputada Blanca Osuna en la apertura de la reuni\u00f3n conjunta de las Comisiones de Educaci\u00f3n -la cual preside- y Presupuesto y Hacienda.<\/p>\n<p>\u201cEs importante el concepto de cercan\u00eda para la poblaci\u00f3n que reside en el Delta. La creaci\u00f3n de la UNDelta va a permitir entonces que dicha comunidad hoy pueda estar incluida, garantizando su derecho a estudiar y a formarse como profesionales\u201d, afirm\u00f3 Alicia Aparicio en dicha reuni\u00f3n.<\/p>\n<p>\u201cTodas las experiencias de creaci\u00f3n universitaria en la provincia de Buenos Aires mostraron un aumento de la matr\u00edcula estudiantil, lo que refleja la importancia de la cercan\u00eda universitaria que acrecienta las posibilidades de acceder a la educaci\u00f3n superior para aquellos que hist\u00f3ricamente no pudieron lograrlo por distintas circunstancias\u201d, se\u00f1al\u00f3.<\/p>\n<p>Y habl\u00f3 de cifras concretas: \u201cEl impacto positivo que trajo a nuestro pa\u00eds la descentralizaci\u00f3n universitaria se encuentra demostrado en toda la historia argentina reciente. Seg\u00fan el \u00faltimo informe de la Secretar\u00eda de Pol\u00edticas Universitarias, entre 2010 y 2019, el sistema universitario argentino registr\u00f3 un crecimiento del 27,3% en la matr\u00edcula de estudiantes de pregrado y un aumento del 36,7% en sus egresados\u201d.<\/p>\n<p>Tambi\u00e9n obtuvieron dictamen en la misma reuni\u00f3n conjunta los proyectos para la creaci\u00f3n de las universidades de Pilar y de Saladillo. De setenta diputados presentes, cuarenta y seis firmas acompa\u00f1aron la creaci\u00f3n de las tres universidades. Dicho proyecto podr\u00eda ser tratado en el recinto durante la pr\u00f3xima sesi\u00f3n y obtener as\u00ed la media sanci\u00f3n.<\/p>\n","protected":false},"excerpt":{"rendered":"<p>El proyecto de ley para la creaci\u00f3n de la Universidad del Delta (UNDelta) obtuvo dictamen en la reuni\u00f3n conjunta entre las Comisiones de Educaci\u00f3n y Presupuesto y Hacienda. La iniciativa, que fue presentada por el actual ministro de Econom\u00eda, Sergio Massa, junto con Alicia Aparicio, prev\u00e9 contar con una sede central en Tigre y dos [&hellip;]<\/p>\n","protected":false},"author":1,"featured_media":20241,"comment_status":"closed","ping_status":"closed","sticky":false,"template":"","format":"standard","meta":{"footnotes":""},"categories":[70,20,22],"tags":[131,87],"class_list":{"0":"post-20240","1":"post","2":"type-post","3":"status-publish","4":"format-standard","5":"has-post-thumbnail","7":"category-las-mas-leidas","8":"category-municipios","9":"category-san-fernando","10":"tag-educacion","11":"tag-sergio-massa"},"aioseo_notices":[],"_links":{"self":[{"href":"https:\/\/guiadenoticias.com.ar\/diario\/wp-json\/wp\/v2\/posts\/20240","targetHints":{"allow":["GET"]}}],"collection":[{"href":"https:\/\/guiadenoticias.com.ar\/diario\/wp-json\/wp\/v2\/posts"}],"about":[{"href":"https:\/\/guiadenoticias.com.ar\/diario\/wp-json\/wp\/v2\/types\/post"}],"author":[{"embeddable":true,"href":"https:\/\/guiadenoticias.com.ar\/diario\/wp-json\/wp\/v2\/users\/1"}],"replies":[{"embeddable":true,"href":"https:\/\/guiadenoticias.com.ar\/diario\/wp-json\/wp\/v2\/comments?post=20240"}],"version-history":[{"count":1,"href":"https:\/\/guiadenoticias.com.ar\/diario\/wp-json\/wp\/v2\/posts\/20240\/revisions"}],"predecessor-version":[{"id":20242,"href":"https:\/\/guiadenoticias.com.ar\/diario\/wp-json\/wp\/v2\/posts\/20240\/revisions\/20242"}],"wp:featuredmedia":[{"embeddable":true,"href":"https:\/\/guiadenoticias.com.ar\/diario\/wp-json\/wp\/v2\/media\/20241"}],"wp:attachment":[{"href":"https:\/\/guiadenoticias.com.ar\/diario\/wp-json\/wp\/v2\/media?parent=20240"}],"wp:term":[{"taxonomy":"category","embeddable":true,"href":"https:\/\/guiadenoticias.com.ar\/diario\/wp-json\/wp\/v2\/categories?post=20240"},{"taxonomy":"post_tag","embeddable":true,"href":"https:\/\/guiadenoticias.com.ar\/diario\/wp-json\/wp\/v2\/tags?post=20240"}],"curies":[{"name":"wp","href":"https:\/\/api.w.org\/{rel}","templated":true}]}}