{"id":20249,"date":"2022-08-29T19:00:19","date_gmt":"2022-08-29T22:00:19","guid":{"rendered":"https:\/\/guiadenoticias.com.ar\/diario\/?p=20249"},"modified":"2022-08-31T01:09:54","modified_gmt":"2022-08-31T04:09:54","slug":"soledad-martinez-recorrio-las-mejoras-en-el-centro-comercial-munro","status":"publish","type":"post","link":"https:\/\/guiadenoticias.com.ar\/diario\/soledad-martinez-recorrio-las-mejoras-en-el-centro-comercial-munro\/","title":{"rendered":"Soledad Mart\u00ednez recorri\u00f3 las mejoras en el Centro Comercial Munro"},"content":{"rendered":"<p>La intendenta de Vicente L\u00f3pez, Soledad Mart\u00ednez, supervis\u00f3 el avance del plan de renovaci\u00f3n del Centro Comercial Munro, que se ejecuta a lo largo de m\u00e1s de quince cuadras.<\/p>\n<p>Sobre esto, la jefa comunal expres\u00f3: \u201cEs un centro comercial reconocido en la regi\u00f3n, y con esta renovaci\u00f3n sabemos que le va a dar m\u00e1s oportunidades a los vecinos de transitar m\u00e1s seguros y de disfrutar de este lugar emblem\u00e1tico\u201d.<\/p>\n<p>Los trabajos consisten en la realizaci\u00f3n de nuevas veredas, rampas, bicicleteros, parquizaci\u00f3n y estacionamiento para motos. Adem\u00e1s, renovar\u00e1n los cordones, se\u00f1al\u00e9tica y demarcaci\u00f3n del espacio p\u00fablico. Y habr\u00e1 una ampliaci\u00f3n del Boulevard de la Avenida Mitre, de la calle Olaguer y Feli\u00fa a Malaver, y de Entre R\u00edos a Rub\u00e9n Dar\u00edo.<\/p>\n<p>Las obras brindar\u00e1n mayor accesibilidad para los vecinos, adem\u00e1s de promover el consumo en los comercios de cercan\u00eda del barrio y el polo gastron\u00f3mico de Munro.<\/p>\n<p>\u201cEs un trabajo que empezamos junto con los comerciantes. Surgi\u00f3 de muchos encuentros con ellos para modernizar y mejorar este centro comercial, para que cada vez m\u00e1s vecinos, no s\u00f3lo de Vicente L\u00f3pez sino del resto de la zona, vengan a este lugar\u201d, concluy\u00f3 Soledad Mart\u00ednez.<\/p>\n","protected":false},"excerpt":{"rendered":"<p>La intendenta de Vicente L\u00f3pez, Soledad Mart\u00ednez, supervis\u00f3 el avance del plan de renovaci\u00f3n del Centro Comercial Munro, que se ejecuta a lo largo de m\u00e1s de quince cuadras. Sobre esto, la jefa comunal expres\u00f3: \u201cEs un centro comercial reconocido en la regi\u00f3n, y con esta renovaci\u00f3n sabemos que le va a dar m\u00e1s oportunidades [&hellip;]<\/p>\n","protected":false},"author":1,"featured_media":20250,"comment_status":"closed","ping_status":"closed","sticky":false,"template":"","format":"standard","meta":{"footnotes":""},"categories":[20,25],"tags":[224,176],"class_list":{"0":"post-20249","1":"post","2":"type-post","3":"status-publish","4":"format-standard","5":"has-post-thumbnail","7":"category-municipios","8":"category-vicente-lopez","9":"tag-comercio","10":"tag-soledad-martinez"},"aioseo_notices":[],"_links":{"self":[{"href":"https:\/\/guiadenoticias.com.ar\/diario\/wp-json\/wp\/v2\/posts\/20249","targetHints":{"allow":["GET"]}}],"collection":[{"href":"https:\/\/guiadenoticias.com.ar\/diario\/wp-json\/wp\/v2\/posts"}],"about":[{"href":"https:\/\/guiadenoticias.com.ar\/diario\/wp-json\/wp\/v2\/types\/post"}],"author":[{"embeddable":true,"href":"https:\/\/guiadenoticias.com.ar\/diario\/wp-json\/wp\/v2\/users\/1"}],"replies":[{"embeddable":true,"href":"https:\/\/guiadenoticias.com.ar\/diario\/wp-json\/wp\/v2\/comments?post=20249"}],"version-history":[{"count":1,"href":"https:\/\/guiadenoticias.com.ar\/diario\/wp-json\/wp\/v2\/posts\/20249\/revisions"}],"predecessor-version":[{"id":20251,"href":"https:\/\/guiadenoticias.com.ar\/diario\/wp-json\/wp\/v2\/posts\/20249\/revisions\/20251"}],"wp:featuredmedia":[{"embeddable":true,"href":"https:\/\/guiadenoticias.com.ar\/diario\/wp-json\/wp\/v2\/media\/20250"}],"wp:attachment":[{"href":"https:\/\/guiadenoticias.com.ar\/diario\/wp-json\/wp\/v2\/media?parent=20249"}],"wp:term":[{"taxonomy":"category","embeddable":true,"href":"https:\/\/guiadenoticias.com.ar\/diario\/wp-json\/wp\/v2\/categories?post=20249"},{"taxonomy":"post_tag","embeddable":true,"href":"https:\/\/guiadenoticias.com.ar\/diario\/wp-json\/wp\/v2\/tags?post=20249"}],"curies":[{"name":"wp","href":"https:\/\/api.w.org\/{rel}","templated":true}]}}