{"id":20254,"date":"2022-08-30T21:00:38","date_gmt":"2022-08-31T00:00:38","guid":{"rendered":"https:\/\/guiadenoticias.com.ar\/diario\/?p=20254"},"modified":"2022-08-31T01:28:29","modified_gmt":"2022-08-31T04:28:29","slug":"siguen-las-recorridas-de-cafiero-ahora-fue-el-turno-con-descalzo","status":"publish","type":"post","link":"https:\/\/guiadenoticias.com.ar\/diario\/siguen-las-recorridas-de-cafiero-ahora-fue-el-turno-con-descalzo\/","title":{"rendered":"Siguen las recorridas de Cafiero,  ahora fue el turno con Descalzo"},"content":{"rendered":"<p>El intendente Alberto Descalzo, junto con el ministro de Relaciones Exteriores, Comercio Internacional y Culto de la Naci\u00f3n, Santiago Cafiero, recorrieron las instalaciones de la empresa ADOX S.A. La visita se dio en el marco del Plan de Promoci\u00f3n de Exportaciones 2022, con el objetivo de potenciar el perfil exportador de las empresas nacionales.<\/p>\n<p>Al finalizar, Cafiero coment\u00f3: \u201cEsta Pyme representa las posibilidades que tiene una empresa que se enfoca en la ciencia y la tecnolog\u00eda. El sector de insumos m\u00e9dicos impuls\u00f3 las exportaciones de alto valor agregado que crecieron un 21,8% con respecto a 2019, llegando a 400 millones de d\u00f3lares de exportaci\u00f3n durante el a\u00f1o pasado. Es un sector que se viene internacionalizando con mucho dinamismo, con una exportaci\u00f3n a m\u00e1s de 130 pa\u00edses\u201d.<\/p>\n<p>A su vez, Descalzo se\u00f1al\u00f3 que \u201cADOX es una empresa local que, para nosotros, representa un orgullo por su capacidad de desarrollo e innovaci\u00f3n. Creemos en nuestra ciencia y en el valor agregado de la industria nacional y trabajamos de forma articulada con todos los niveles del Estado para acompa\u00f1ar a este sector y para que sigan potenciando su crecimiento\u201d.<\/p>\n<p>Estuvieron presentes la secretaria de Relaciones Econ\u00f3micas Internacionales, Cecilia Todesca; el subsecretario de Promoci\u00f3n del Comercio e Inversiones, Guillermo Merediz; la directora nacional de Promoci\u00f3n de Exportaciones, Laura Tuero; la secretaria local de Desarrollo Productivo, Andrea Musante, y el presidente de ADOX S.A., Javier Viqueira.<\/p>\n","protected":false},"excerpt":{"rendered":"<p>El intendente Alberto Descalzo, junto con el ministro de Relaciones Exteriores, Comercio Internacional y Culto de la Naci\u00f3n, Santiago Cafiero, recorrieron las instalaciones de la empresa ADOX S.A. La visita se dio en el marco del Plan de Promoci\u00f3n de Exportaciones 2022, con el objetivo de potenciar el perfil exportador de las empresas nacionales. Al [&hellip;]<\/p>\n","protected":false},"author":1,"featured_media":20255,"comment_status":"closed","ping_status":"closed","sticky":false,"template":"","format":"standard","meta":{"footnotes":""},"categories":[49,29,20],"tags":[77,225],"class_list":{"0":"post-20254","1":"post","2":"type-post","3":"status-publish","4":"format-standard","5":"has-post-thumbnail","7":"category-economia-y-gremiales","8":"category-ituzaingo","9":"category-municipios","10":"tag-alberto-descalzo","11":"tag-exportacion"},"aioseo_notices":[],"_links":{"self":[{"href":"https:\/\/guiadenoticias.com.ar\/diario\/wp-json\/wp\/v2\/posts\/20254","targetHints":{"allow":["GET"]}}],"collection":[{"href":"https:\/\/guiadenoticias.com.ar\/diario\/wp-json\/wp\/v2\/posts"}],"about":[{"href":"https:\/\/guiadenoticias.com.ar\/diario\/wp-json\/wp\/v2\/types\/post"}],"author":[{"embeddable":true,"href":"https:\/\/guiadenoticias.com.ar\/diario\/wp-json\/wp\/v2\/users\/1"}],"replies":[{"embeddable":true,"href":"https:\/\/guiadenoticias.com.ar\/diario\/wp-json\/wp\/v2\/comments?post=20254"}],"version-history":[{"count":1,"href":"https:\/\/guiadenoticias.com.ar\/diario\/wp-json\/wp\/v2\/posts\/20254\/revisions"}],"predecessor-version":[{"id":20256,"href":"https:\/\/guiadenoticias.com.ar\/diario\/wp-json\/wp\/v2\/posts\/20254\/revisions\/20256"}],"wp:featuredmedia":[{"embeddable":true,"href":"https:\/\/guiadenoticias.com.ar\/diario\/wp-json\/wp\/v2\/media\/20255"}],"wp:attachment":[{"href":"https:\/\/guiadenoticias.com.ar\/diario\/wp-json\/wp\/v2\/media?parent=20254"}],"wp:term":[{"taxonomy":"category","embeddable":true,"href":"https:\/\/guiadenoticias.com.ar\/diario\/wp-json\/wp\/v2\/categories?post=20254"},{"taxonomy":"post_tag","embeddable":true,"href":"https:\/\/guiadenoticias.com.ar\/diario\/wp-json\/wp\/v2\/tags?post=20254"}],"curies":[{"name":"wp","href":"https:\/\/api.w.org\/{rel}","templated":true}]}}