{"id":2026,"date":"2016-05-08T19:26:29","date_gmt":"2016-05-08T22:26:29","guid":{"rendered":"http:\/\/guiadenoticias.com.ar\/diario\/?p=2026"},"modified":"2016-05-08T19:27:14","modified_gmt":"2016-05-08T22:27:14","slug":"hugo-moyano-me-retiro-de-la-cgt","status":"publish","type":"post","link":"https:\/\/guiadenoticias.com.ar\/diario\/hugo-moyano-me-retiro-de-la-cgt\/","title":{"rendered":"Hugo Moyano: \u00abMe retiro de la CGT\u00bb"},"content":{"rendered":"<p style=\"margin: 0cm; margin-bottom: .0001pt;\">El secretario General de la CGT Azopardo, Hugo Moyano, confirm\u00f3 que dejar\u00e1 la conducci\u00f3n de la central obrera y que analiza la postulaci\u00f3n que impulsan un grupo de \u00abclubes chicos\u00bb de f\u00fatbol para pujar por la presidencia de la Asociaci\u00f3n del F\u00fatbol Argentino (AFA), carrera en la que est\u00e1 anotado el conductor Marcelo Tinelli.<\/p>\n<p style=\"margin: 0cm; margin-bottom: .0001pt;\">\u00abYa cumpl\u00ed el tercer mandato consecutivo, que es el \u00fanico que lo ha cumplido en la historia de la CGT. Hay que dejar un poco a los j\u00f3venes que puedan cumplir una funci\u00f3n importante y yo me dedico a Independiente. De Independiente no me voy a ir nunca\u00bb. As\u00ed respondi\u00f3 el titular del gremio de Camioneros cuando se lo consult\u00f3 en un programa de TV sobre si ten\u00eda decidido \u00abretirarse\u00bb de la conducci\u00f3n de la Confederaci\u00f3n General del Trabajo para dedicarse al f\u00fatbol.<\/p>\n<p style=\"margin: 0cm; margin-bottom: .0001pt;\">El dirigente sindical, de todos modos, aclar\u00f3 que su eventual postulaci\u00f3n como presidente de la AFA a\u00fan est\u00e1 en etapa de an\u00e1lisis y que depender\u00e1 del apoyo que reciba. \u00abHay un grupo de clubes que me est\u00e1n proponiendo, pero todav\u00eda no lo decid\u00ed. Todo puede ser en la vida\u00bb, complet\u00f3.<\/p>\n<p style=\"margin: 0cm; margin-bottom: .0001pt;\">As\u00ed, Hugo Moyano confirm\u00f3 lo que ya hab\u00eda sugerido el fin de semana pasada cuando particip\u00f3 del programa de Mirtha Legrand. En esa oportunidad, cuando todav\u00eda estaba \u00abcaliente\u00bb el tema de la marcha contra el gobierno de Mauricio Macri de todas las centrales obreras, hab\u00eda anticipado que estaba dispuesto a dejar su lugar en la m\u00e1xima organizaci\u00f3n sindical, aunque sin desprenderse de su actuaci\u00f3n en Camioneros.<\/p>\n<p style=\"margin: 0cm; margin-bottom: .0001pt;\">En una entrevista telef\u00f3nica \u2013 su hijo Facundo estaba en el piso de C5N -, tambi\u00e9n se ocup\u00f3 de dejar claro su relaci\u00f3n y liderazgo con el sindicato en el que milit\u00f3 desde su juventud en Mar del Plata. \u00abHay gente que me tiene bronca, sobre todo los sectores empresarios porque se tocan intereses. Pero yo no s\u00e9 cu\u00e1ntos dirigentes est\u00e1n en condiciones de convocar en su gremio. Los trabajadores responden a los gremios cuando creen en sus dirigentes\u00bb.<\/p>\n","protected":false},"excerpt":{"rendered":"<p>El secretario General de la CGT Azopardo, Hugo Moyano, confirm\u00f3 que dejar\u00e1 la conducci\u00f3n de la central obrera y que analiza la postulaci\u00f3n que impulsan un grupo de \u00abclubes chicos\u00bb de f\u00fatbol para pujar por la presidencia de la Asociaci\u00f3n del F\u00fatbol Argentino (AFA), carrera en la que est\u00e1 anotado el conductor Marcelo Tinelli. \u00abYa [&hellip;]<\/p>\n","protected":false},"author":1,"featured_media":2027,"comment_status":"closed","ping_status":"open","sticky":false,"template":"","format":"standard","meta":{"footnotes":""},"categories":[49,30,48],"tags":[],"class_list":{"0":"post-2026","1":"post","2":"type-post","3":"status-publish","4":"format-standard","5":"has-post-thumbnail","7":"category-economia-y-gremiales","8":"category-nacion","9":"category-politica-argentina"},"aioseo_notices":[],"_links":{"self":[{"href":"https:\/\/guiadenoticias.com.ar\/diario\/wp-json\/wp\/v2\/posts\/2026","targetHints":{"allow":["GET"]}}],"collection":[{"href":"https:\/\/guiadenoticias.com.ar\/diario\/wp-json\/wp\/v2\/posts"}],"about":[{"href":"https:\/\/guiadenoticias.com.ar\/diario\/wp-json\/wp\/v2\/types\/post"}],"author":[{"embeddable":true,"href":"https:\/\/guiadenoticias.com.ar\/diario\/wp-json\/wp\/v2\/users\/1"}],"replies":[{"embeddable":true,"href":"https:\/\/guiadenoticias.com.ar\/diario\/wp-json\/wp\/v2\/comments?post=2026"}],"version-history":[{"count":2,"href":"https:\/\/guiadenoticias.com.ar\/diario\/wp-json\/wp\/v2\/posts\/2026\/revisions"}],"predecessor-version":[{"id":2029,"href":"https:\/\/guiadenoticias.com.ar\/diario\/wp-json\/wp\/v2\/posts\/2026\/revisions\/2029"}],"wp:featuredmedia":[{"embeddable":true,"href":"https:\/\/guiadenoticias.com.ar\/diario\/wp-json\/wp\/v2\/media\/2027"}],"wp:attachment":[{"href":"https:\/\/guiadenoticias.com.ar\/diario\/wp-json\/wp\/v2\/media?parent=2026"}],"wp:term":[{"taxonomy":"category","embeddable":true,"href":"https:\/\/guiadenoticias.com.ar\/diario\/wp-json\/wp\/v2\/categories?post=2026"},{"taxonomy":"post_tag","embeddable":true,"href":"https:\/\/guiadenoticias.com.ar\/diario\/wp-json\/wp\/v2\/tags?post=2026"}],"curies":[{"name":"wp","href":"https:\/\/api.w.org\/{rel}","templated":true}]}}