{"id":20285,"date":"2022-09-01T19:00:43","date_gmt":"2022-09-01T22:00:43","guid":{"rendered":"https:\/\/guiadenoticias.com.ar\/diario\/?p=20285"},"modified":"2022-09-05T00:52:46","modified_gmt":"2022-09-05T03:52:46","slug":"trenes-argentinos-abrio-en-once-el-primer-lactario","status":"publish","type":"post","link":"https:\/\/guiadenoticias.com.ar\/diario\/trenes-argentinos-abrio-en-once-el-primer-lactario\/","title":{"rendered":"Trenes Argentinos abri\u00f3 en Once el primer lactario"},"content":{"rendered":"<p>El primer espacio de lactancia accesible para personas usuarias del transporte p\u00fablico fue inaugurado por Trenes Argentinos y ya funciona en la estaci\u00f3n de Once. El sitio se incorpora al programa Lactancia en Trenes, que lleva adelante la empresa ferroviaria y que cuenta con cinco sectores similares destinados exclusivamente al personal.<\/p>\n<p><strong>El lactario est\u00e1 ubicado en el ingreso al and\u00e9n de larga distancia de la terminal de la l\u00ednea Sarmiento y puede ser utilizado para la extracci\u00f3n de leche, organizar su guardado, amamantar y obtener informaci\u00f3n con puericultoras especializadas.<\/strong><\/p>\n<p>Junto al presidente de Trenes Argentinos, Mart\u00edn Marinucci, participaron del acto de apertura la titular de AySA, Malena Galmarini; la directora de Pol\u00edticas de G\u00e9neros y Diversidad del Ministerio de Transporte, Jimena Bondaruk, y la coordinadora de Pol\u00edticas de G\u00e9nero, Micaela Mor\u00e1n.<\/p>\n<p>Marinucci, destac\u00f3, \u201clo que estamos haciendo es ampliar los derechos de las personas que viajan en nuestros servicios; como nos pide el presidente de la Naci\u00f3n, Alberto Fern\u00e1ndez, y el ministro Alexis Guerrera\u201d.<\/p>\n<p>Por su parte, Malena Galmarini resalt\u00f3 que \u201cestos espacios permiten que las mujeres y las personas que gestan alimenten a sus hijos e hijas, en lugares cuidados, con seguridad y de manera higi\u00e9nica\u201d.<\/p>\n","protected":false},"excerpt":{"rendered":"<p>El primer espacio de lactancia accesible para personas usuarias del transporte p\u00fablico fue inaugurado por Trenes Argentinos y ya funciona en la estaci\u00f3n de Once. El sitio se incorpora al programa Lactancia en Trenes, que lleva adelante la empresa ferroviaria y que cuenta con cinco sectores similares destinados exclusivamente al personal. El lactario est\u00e1 ubicado [&hellip;]<\/p>\n","protected":false},"author":1,"featured_media":20286,"comment_status":"closed","ping_status":"closed","sticky":false,"template":"","format":"standard","meta":{"footnotes":""},"categories":[30,31],"tags":[94],"class_list":{"0":"post-20285","1":"post","2":"type-post","3":"status-publish","4":"format-standard","5":"has-post-thumbnail","7":"category-nacion","8":"category-provincia","9":"tag-tren-sarmiento"},"aioseo_notices":[],"_links":{"self":[{"href":"https:\/\/guiadenoticias.com.ar\/diario\/wp-json\/wp\/v2\/posts\/20285","targetHints":{"allow":["GET"]}}],"collection":[{"href":"https:\/\/guiadenoticias.com.ar\/diario\/wp-json\/wp\/v2\/posts"}],"about":[{"href":"https:\/\/guiadenoticias.com.ar\/diario\/wp-json\/wp\/v2\/types\/post"}],"author":[{"embeddable":true,"href":"https:\/\/guiadenoticias.com.ar\/diario\/wp-json\/wp\/v2\/users\/1"}],"replies":[{"embeddable":true,"href":"https:\/\/guiadenoticias.com.ar\/diario\/wp-json\/wp\/v2\/comments?post=20285"}],"version-history":[{"count":1,"href":"https:\/\/guiadenoticias.com.ar\/diario\/wp-json\/wp\/v2\/posts\/20285\/revisions"}],"predecessor-version":[{"id":20287,"href":"https:\/\/guiadenoticias.com.ar\/diario\/wp-json\/wp\/v2\/posts\/20285\/revisions\/20287"}],"wp:featuredmedia":[{"embeddable":true,"href":"https:\/\/guiadenoticias.com.ar\/diario\/wp-json\/wp\/v2\/media\/20286"}],"wp:attachment":[{"href":"https:\/\/guiadenoticias.com.ar\/diario\/wp-json\/wp\/v2\/media?parent=20285"}],"wp:term":[{"taxonomy":"category","embeddable":true,"href":"https:\/\/guiadenoticias.com.ar\/diario\/wp-json\/wp\/v2\/categories?post=20285"},{"taxonomy":"post_tag","embeddable":true,"href":"https:\/\/guiadenoticias.com.ar\/diario\/wp-json\/wp\/v2\/tags?post=20285"}],"curies":[{"name":"wp","href":"https:\/\/api.w.org\/{rel}","templated":true}]}}