{"id":2030,"date":"2016-05-08T19:56:23","date_gmt":"2016-05-08T22:56:23","guid":{"rendered":"http:\/\/guiadenoticias.com.ar\/diario\/?p=2030"},"modified":"2016-05-08T20:05:35","modified_gmt":"2016-05-08T23:05:35","slug":"disertacion-sobre-aumentos-de-precios-y-tarifas","status":"publish","type":"post","link":"https:\/\/guiadenoticias.com.ar\/diario\/disertacion-sobre-aumentos-de-precios-y-tarifas\/","title":{"rendered":"Disertaci\u00f3n sobre aumentos de precios y tarifas"},"content":{"rendered":"<p class=\"yiv4657814875msonormal\" style=\"margin: 0cm; margin-bottom: .0001pt;\">Se realiz\u00f3 la charla debate en el Colegio N\u00b0 8 de Mart\u00ednez\u00a0\u201c\u00bfQu\u00e9 hacer ante los aumentos de precios y tarifas?\u201d. La actividad fue convocada por el Centro de Pol\u00edticas P\u00fablicas y Participaci\u00f3n Ciudadana (CEPPYPC) y el Instituto de Investigaci\u00f3n para una Nueva Buenos Aires (INNOBA). Y disertaron H\u00e9ctor Polino, representante legal de Consumidores Libres; Jorge Ceballos, director de INNOBA; y Ra\u00fal Mateos, secretario de Defensa del Consumidor de San Isidro.<\/p>\n<p class=\"yiv4657814875msonormal\" style=\"margin: 0cm; margin-bottom: .0001pt;\">Polino expres\u00f3 que \u201ccon la devaluaci\u00f3n del peso y la quita de retenciones al agro y la industria se produjo un fenomenal aumento de precios. Las remarcaciones comenzaron, incluso, antes de que asumiera el gobierno, en los primeros d\u00edas de noviembre\u201d, y continu\u00f3, \u201cel gobierno nacional dej\u00f3 de controlar, creen que el libre juego de oferta y demanda regula el mercado, pero cuando hay un mercado altamente concentrado como \u00e9ste, no hay competencia\u201d.<\/p>\n<p class=\"yiv4657814875msonormal\" style=\"margin: 0cm; margin-bottom: .0001pt;\">Por su parte, Ceballos manifest\u00f3 que \u201clos aumentos que se produjeron en distintas \u00e1reas tienen una notoria ilegalidad porque no cumplieron el requisito de la consulta p\u00fablica\u201d.<\/p>\n<p class=\"yiv4657814875msonormal\" style=\"margin: 0cm; margin-bottom: .0001pt;\">Y Ra\u00fal Mateos coincidi\u00f3 con el diagn\u00f3stico planteado por Polino y Ceballos expresando que \u201cdesde Defensa del Consumidor se trata de ayudar puntualmente a los usuarios para darles soluciones concretas a casos concretos\u201d.<\/p>\n<p class=\"yiv4657814875msonormal\" style=\"margin: 0cm; margin-bottom: .0001pt;\">Seg\u00fan algunas asociaciones de consumidores, del 1 de enero al 15 de abril hubo un 8,14 por ciento m\u00e1s de aumento.\u00a0Es decir, en lo que va del a\u00f1o el aumento fue superior al doble del que se produjo para el mismo per\u00edodo de 2015. El impacto en el ingreso ya se refleja en una ca\u00edda del\u00a02,3 por ciento en el consumo de estos primeros cuatro meses.<\/p>\n<p class=\"yiv4657814875msonormal\" style=\"margin: 0cm; margin-bottom: .0001pt;\">Adem\u00e1s, desde Libres del Sur de San Isidro realizan un llamado a la movilizaci\u00f3n de la sociedad civil y convocan el pr\u00f3ximo martes\u00a010 de mayo a un nuevo boicot a los supermercados, denominado #Supervacios.<\/p>\n","protected":false},"excerpt":{"rendered":"<p>Se realiz\u00f3 la charla debate en el Colegio N\u00b0 8 de Mart\u00ednez\u00a0\u201c\u00bfQu\u00e9 hacer ante los aumentos de precios y tarifas?\u201d. La actividad fue convocada por el Centro de Pol\u00edticas P\u00fablicas y Participaci\u00f3n Ciudadana (CEPPYPC) y el Instituto de Investigaci\u00f3n para una Nueva Buenos Aires (INNOBA). Y disertaron H\u00e9ctor Polino, representante legal de Consumidores Libres; Jorge [&hellip;]<\/p>\n","protected":false},"author":1,"featured_media":2031,"comment_status":"closed","ping_status":"open","sticky":false,"template":"","format":"standard","meta":{"footnotes":""},"categories":[49,48,21],"tags":[],"class_list":{"0":"post-2030","1":"post","2":"type-post","3":"status-publish","4":"format-standard","5":"has-post-thumbnail","7":"category-economia-y-gremiales","8":"category-politica-argentina","9":"category-san-isidro"},"aioseo_notices":[],"_links":{"self":[{"href":"https:\/\/guiadenoticias.com.ar\/diario\/wp-json\/wp\/v2\/posts\/2030","targetHints":{"allow":["GET"]}}],"collection":[{"href":"https:\/\/guiadenoticias.com.ar\/diario\/wp-json\/wp\/v2\/posts"}],"about":[{"href":"https:\/\/guiadenoticias.com.ar\/diario\/wp-json\/wp\/v2\/types\/post"}],"author":[{"embeddable":true,"href":"https:\/\/guiadenoticias.com.ar\/diario\/wp-json\/wp\/v2\/users\/1"}],"replies":[{"embeddable":true,"href":"https:\/\/guiadenoticias.com.ar\/diario\/wp-json\/wp\/v2\/comments?post=2030"}],"version-history":[{"count":2,"href":"https:\/\/guiadenoticias.com.ar\/diario\/wp-json\/wp\/v2\/posts\/2030\/revisions"}],"predecessor-version":[{"id":2033,"href":"https:\/\/guiadenoticias.com.ar\/diario\/wp-json\/wp\/v2\/posts\/2030\/revisions\/2033"}],"wp:featuredmedia":[{"embeddable":true,"href":"https:\/\/guiadenoticias.com.ar\/diario\/wp-json\/wp\/v2\/media\/2031"}],"wp:attachment":[{"href":"https:\/\/guiadenoticias.com.ar\/diario\/wp-json\/wp\/v2\/media?parent=2030"}],"wp:term":[{"taxonomy":"category","embeddable":true,"href":"https:\/\/guiadenoticias.com.ar\/diario\/wp-json\/wp\/v2\/categories?post=2030"},{"taxonomy":"post_tag","embeddable":true,"href":"https:\/\/guiadenoticias.com.ar\/diario\/wp-json\/wp\/v2\/tags?post=2030"}],"curies":[{"name":"wp","href":"https:\/\/api.w.org\/{rel}","templated":true}]}}