{"id":20305,"date":"2022-09-07T22:00:15","date_gmt":"2022-09-08T01:00:15","guid":{"rendered":"https:\/\/guiadenoticias.com.ar\/diario\/?p=20305"},"modified":"2022-09-16T01:10:37","modified_gmt":"2022-09-16T04:10:37","slug":"alberto-fernandez-y-moreira-entregaron-netbooks-de-conectar-igualdad","status":"publish","type":"post","link":"https:\/\/guiadenoticias.com.ar\/diario\/alberto-fernandez-y-moreira-entregaron-netbooks-de-conectar-igualdad\/","title":{"rendered":"Alberto Fern\u00e1ndez y Moreira entregaron netbooks de Conectar Igualdad"},"content":{"rendered":"<p><strong>El presidente de la Naci\u00f3n Alberto Fern\u00e1ndez, el intendente de San Mart\u00edn, Fernando Moreira, junto con los ministros de Educaci\u00f3n y Obras P\u00fablicas, Jaime Perczyk y Gabriel Katopodis, respectivamente, entregaron m\u00e1s de 1.100 netbooks de Conectar Igualdad, para estudiantes de segundo a\u00f1o de 17 escuelas secundarias del distrito.<\/strong><\/p>\n<p>Durante el acto realizado en la Sociedad Alemana de Gimnasia de Villa Ballester, el Presidente asegur\u00f3: \u201cEl deber que tenemos es reconocer el derecho que tienen las y los j\u00f3venes de acceder a la informaci\u00f3n y al conocimiento. Lo que van a lograr con estas computadoras es estudiar, informarse, capacitarse, divertirse y que eso no sea un privilegio de unos pocos, sino un derecho de todos y de todas\u201d.<\/p>\n<p>Y complet\u00f3, \u201clos j\u00f3venes son el futuro, y la Argentina que viene tiene que ser mejor que la que tenemos; m\u00e1s igual, donde todos tengamos las mismas oportunidades. Una Argentina que no discrimine, que a todos respete y donde el que piensa distinto no se convierta en objeto del odio\u201d.<\/p>\n<p>A su vez, el jefe comunal destac\u00f3: \u201cEn un clima social enrarecido por los acontecimientos de la semana pasada, compartimos un d\u00eda de mucha alegr\u00eda, junto con el Presidente y los ministros\u201d.<\/p>\n<p>Y agreg\u00f3 que \u201ces nuestra responsabilidad como Estado generar una educaci\u00f3n p\u00fablica de calidad. En este caso, con el otorgamiento de computadoras que permitan achicar la brecha educativa entre quienes tienen y no acceso a la tecnolog\u00eda. Una herramienta indispensable en el proceso educativo\u201d.<\/p>\n<p>En ese sentido, el ministro de Educaci\u00f3n complet\u00f3: \u201cConectar Igualdad es una pol\u00edtica p\u00fablica de mejora de la calidad educativa que empez\u00f3 en 2010. Desde entonces se entregaron 5 millones de computadoras, luego se cort\u00f3, pero el presidente Alberto Fern\u00e1ndez decidi\u00f3 reponerlo y que las chicas y los chicos volvieran a tener su netbook\u201d.<\/p>\n<p>Esta entrega se suma a la realizada hace unas semanas a otras 15 instituciones educativas, y en el transcurso del mes van a terminar de recibirlas todos los estudiantes de segundo a\u00f1o de secundaria de la ciudad.<\/p>\n","protected":false},"excerpt":{"rendered":"<p>El presidente de la Naci\u00f3n Alberto Fern\u00e1ndez, el intendente de San Mart\u00edn, Fernando Moreira, junto con los ministros de Educaci\u00f3n y Obras P\u00fablicas, Jaime Perczyk y Gabriel Katopodis, respectivamente, entregaron m\u00e1s de 1.100 netbooks de Conectar Igualdad, para estudiantes de segundo a\u00f1o de 17 escuelas secundarias del distrito. Durante el acto realizado en la Sociedad [&hellip;]<\/p>\n","protected":false},"author":1,"featured_media":20306,"comment_status":"closed","ping_status":"closed","sticky":false,"template":"","format":"standard","meta":{"footnotes":""},"categories":[70,20,24],"tags":[82,131,74,85],"class_list":{"0":"post-20305","1":"post","2":"type-post","3":"status-publish","4":"format-standard","5":"has-post-thumbnail","7":"category-las-mas-leidas","8":"category-municipios","9":"category-san-martin","10":"tag-alberto-fernandez","11":"tag-educacion","12":"tag-fernando-moreira","13":"tag-gabriel-katopodis"},"aioseo_notices":[],"_links":{"self":[{"href":"https:\/\/guiadenoticias.com.ar\/diario\/wp-json\/wp\/v2\/posts\/20305","targetHints":{"allow":["GET"]}}],"collection":[{"href":"https:\/\/guiadenoticias.com.ar\/diario\/wp-json\/wp\/v2\/posts"}],"about":[{"href":"https:\/\/guiadenoticias.com.ar\/diario\/wp-json\/wp\/v2\/types\/post"}],"author":[{"embeddable":true,"href":"https:\/\/guiadenoticias.com.ar\/diario\/wp-json\/wp\/v2\/users\/1"}],"replies":[{"embeddable":true,"href":"https:\/\/guiadenoticias.com.ar\/diario\/wp-json\/wp\/v2\/comments?post=20305"}],"version-history":[{"count":1,"href":"https:\/\/guiadenoticias.com.ar\/diario\/wp-json\/wp\/v2\/posts\/20305\/revisions"}],"predecessor-version":[{"id":20307,"href":"https:\/\/guiadenoticias.com.ar\/diario\/wp-json\/wp\/v2\/posts\/20305\/revisions\/20307"}],"wp:featuredmedia":[{"embeddable":true,"href":"https:\/\/guiadenoticias.com.ar\/diario\/wp-json\/wp\/v2\/media\/20306"}],"wp:attachment":[{"href":"https:\/\/guiadenoticias.com.ar\/diario\/wp-json\/wp\/v2\/media?parent=20305"}],"wp:term":[{"taxonomy":"category","embeddable":true,"href":"https:\/\/guiadenoticias.com.ar\/diario\/wp-json\/wp\/v2\/categories?post=20305"},{"taxonomy":"post_tag","embeddable":true,"href":"https:\/\/guiadenoticias.com.ar\/diario\/wp-json\/wp\/v2\/tags?post=20305"}],"curies":[{"name":"wp","href":"https:\/\/api.w.org\/{rel}","templated":true}]}}