{"id":20348,"date":"2022-09-09T20:00:01","date_gmt":"2022-09-09T23:00:01","guid":{"rendered":"https:\/\/guiadenoticias.com.ar\/diario\/?p=20348"},"modified":"2022-09-14T00:50:57","modified_gmt":"2022-09-14T03:50:57","slug":"moreira-y-katopodis-inauguraron-nuevas-areas-en-el-hospital-thompson","status":"publish","type":"post","link":"https:\/\/guiadenoticias.com.ar\/diario\/moreira-y-katopodis-inauguraron-nuevas-areas-en-el-hospital-thompson\/","title":{"rendered":"Moreira y Katopodis inauguraron nuevas \u00e1reas en el Hospital Thompson"},"content":{"rendered":"<p>El intendente de San Mart\u00edn, Fernando Moreira, y el ministro de Obras P\u00fablicas de la Naci\u00f3n, Gabriel Katopodis, inauguraron las nuevas \u00e1reas de Obstetricia y Pediatr\u00eda del Hospital Municipal Diego Thompson, en el marco de la tercera etapa de renovaci\u00f3n integral realizada a trav\u00e9s del Plan Estrat\u00e9gico de Obras.<\/p>\n<p>Durante la inauguraci\u00f3n, el jefe comunal destac\u00f3: \u201cEs un orgullo tener en San Mart\u00edn un hospital centenario, con esta calidad edilicia y profesional. Hoy inauguramos dos nuevas plantas de obstetricia y pediatr\u00eda, con comodidades de primer nivel, que significan una enorme mejor\u00eda en el servicio a los reci\u00e9n nacidos, las madres y sus familias\u201d.<\/p>\n<p>Y agreg\u00f3, \u201cEsto no es un hecho puntual y aislado. Nuestro compromiso con la salud p\u00fablica, cercana y de calidad se inici\u00f3 en 2011 y lo sostenemos d\u00eda a d\u00eda, con la construcci\u00f3n de nuevos centros de salud, incorporando profesionales, con mejoras en la infraestructura de los espacios que hay en cada barrio\u201d.<\/p>\n<p>Al respecto, Katopodis expres\u00f3: \u201cEstas obras son una se\u00f1al de lo mejor del Estado, llegando a cada vecina y vecino de nuestra ciudad. Tuvimos la decisi\u00f3n de defender el hospital p\u00fablico con inversiones como estas, que son de calidad y tienen que ver con un modelo en marcha\u201d.<\/p>\n<p>La nueva \u00e1rea de Obstetricia funciona en el primer piso, con 28 camas, dos habitaciones de guardia, sala de enfermer\u00eda y conexi\u00f3n directa con los sectores de partos, neonatolog\u00eda y quir\u00f3fanos.<\/p>\n<p>Por el otro lado, en el segundo piso se present\u00f3 el sector de Pediatr\u00eda, que ampli\u00f3 su capacidad de 15 a 28 camas, cuenta con habitaciones de guardia, sala de enfermer\u00eda y un sector especial para el tratamiento de casos de mayor complejidad.<\/p>\n<p>Los trabajos de esta tercera etapa de puesta en valor del hospital se retomaron en julio de 2020, cuando se restableci\u00f3 el financiamiento nacional de la obra. Adem\u00e1s, ya est\u00e1 confirmada la cuarta y \u00faltima etapa de la remodelaci\u00f3n integral, que se llevar\u00e1 a cabo en toda la planta baja, incluyendo al hospital de d\u00eda, las \u00e1reas de laboratorios y rayos, entre otras.<\/p>\n<p>En las primeras dos etapas construyeron las \u00e1reas de Kinesiolog\u00eda y Neonatolog\u00eda con equipamiento completo; una nueva guardia; dos salas de aislamiento y un nuevo lactario; seis quir\u00f3fanos y dos salas de parto; una sala de anatom\u00eda patol\u00f3gica; una farmacia m\u00e1s amplia y moderna; una nueva sala de esterilizaci\u00f3n; una morgue con mayor capacidad; nuevos consultorios externos de distintas especialidades, entre otras mejoras.<\/p>\n<p>Tambi\u00e9n estuvieron presentes el director del Hospital Thompson, Luis Sarra; los secretarios de Obras P\u00fablicas y Gesti\u00f3n Administrativa de la Naci\u00f3n, Carlos Rodr\u00edguez y Guillermo Sauro; el secretario de Salud de San Mart\u00edn, Luciano Miranda; el secretario de Obras y Servicios P\u00fablicos, Andr\u00e9s Alonso; el subsecretario de Salud, Carlos Rovaletti; la subsecretaria de Cuidados y Gesti\u00f3n, Morena Ar\u00edn.<\/p>\n","protected":false},"excerpt":{"rendered":"<p>El intendente de San Mart\u00edn, Fernando Moreira, y el ministro de Obras P\u00fablicas de la Naci\u00f3n, Gabriel Katopodis, inauguraron las nuevas \u00e1reas de Obstetricia y Pediatr\u00eda del Hospital Municipal Diego Thompson, en el marco de la tercera etapa de renovaci\u00f3n integral realizada a trav\u00e9s del Plan Estrat\u00e9gico de Obras. Durante la inauguraci\u00f3n, el jefe comunal [&hellip;]<\/p>\n","protected":false},"author":1,"featured_media":20349,"comment_status":"closed","ping_status":"closed","sticky":false,"template":"","format":"standard","meta":{"footnotes":""},"categories":[20,24],"tags":[74,85,80],"class_list":{"0":"post-20348","1":"post","2":"type-post","3":"status-publish","4":"format-standard","5":"has-post-thumbnail","7":"category-municipios","8":"category-san-martin","9":"tag-fernando-moreira","10":"tag-gabriel-katopodis","11":"tag-salud"},"aioseo_notices":[],"_links":{"self":[{"href":"https:\/\/guiadenoticias.com.ar\/diario\/wp-json\/wp\/v2\/posts\/20348","targetHints":{"allow":["GET"]}}],"collection":[{"href":"https:\/\/guiadenoticias.com.ar\/diario\/wp-json\/wp\/v2\/posts"}],"about":[{"href":"https:\/\/guiadenoticias.com.ar\/diario\/wp-json\/wp\/v2\/types\/post"}],"author":[{"embeddable":true,"href":"https:\/\/guiadenoticias.com.ar\/diario\/wp-json\/wp\/v2\/users\/1"}],"replies":[{"embeddable":true,"href":"https:\/\/guiadenoticias.com.ar\/diario\/wp-json\/wp\/v2\/comments?post=20348"}],"version-history":[{"count":1,"href":"https:\/\/guiadenoticias.com.ar\/diario\/wp-json\/wp\/v2\/posts\/20348\/revisions"}],"predecessor-version":[{"id":20350,"href":"https:\/\/guiadenoticias.com.ar\/diario\/wp-json\/wp\/v2\/posts\/20348\/revisions\/20350"}],"wp:featuredmedia":[{"embeddable":true,"href":"https:\/\/guiadenoticias.com.ar\/diario\/wp-json\/wp\/v2\/media\/20349"}],"wp:attachment":[{"href":"https:\/\/guiadenoticias.com.ar\/diario\/wp-json\/wp\/v2\/media?parent=20348"}],"wp:term":[{"taxonomy":"category","embeddable":true,"href":"https:\/\/guiadenoticias.com.ar\/diario\/wp-json\/wp\/v2\/categories?post=20348"},{"taxonomy":"post_tag","embeddable":true,"href":"https:\/\/guiadenoticias.com.ar\/diario\/wp-json\/wp\/v2\/tags?post=20348"}],"curies":[{"name":"wp","href":"https:\/\/api.w.org\/{rel}","templated":true}]}}