{"id":20382,"date":"2022-09-16T18:00:32","date_gmt":"2022-09-16T21:00:32","guid":{"rendered":"https:\/\/guiadenoticias.com.ar\/diario\/?p=20382"},"modified":"2022-09-19T02:39:16","modified_gmt":"2022-09-19T05:39:16","slug":"reunion-de-trabajo-entre-malena-galmarini-y-mario-ishii","status":"publish","type":"post","link":"https:\/\/guiadenoticias.com.ar\/diario\/reunion-de-trabajo-entre-malena-galmarini-y-mario-ishii\/","title":{"rendered":"Reuni\u00f3n de trabajo entre Malena Galmarini y Mario Ishii"},"content":{"rendered":"<p>La presidenta de AySA, Malena Galmarini, y el intendente de Jos\u00e9 C. Paz, Mario Ishii, se reunieron en el palacio municipal junto con sus equipos t\u00e9cnicos para supervisar el estado de las obras finalizadas y en ejecuci\u00f3n en el municipio; asimismo trabajar en la planificaci\u00f3n de proyectos en conjunto para mejorar la calidad de vida de las vecinas y vecinos.<\/p>\n<p>Terminada la reuni\u00f3n, Galmarini expres\u00f3: \u201cEntendemos que es la manera en la que se deben gestionar estos servicios esenciales. Tambi\u00e9n estuvo el equipo del municipio y eso hizo que pudi\u00e9ramos ponernos de acuerdo en cu\u00e1les eran las necesidades y las prioridades\u201d.<\/p>\n<p>Los servicios de agua potable y cloacas de Jos\u00e9 C. Paz fueron transferidos al \u00e1rea de acci\u00f3n de AySA en 2017. Debido a la falta de fondos y la paralizaci\u00f3n de obras durante la gesti\u00f3n anterior de la empresa, la transferencia de los servicios no se pudo hacer efectiva en el mediano plazo. Actualmente, AySA s\u00f3lo opera la red de agua potable.<\/p>\n<p>Adem\u00e1s, anunci\u00f3 que se avanz\u00f3 sobre un proyecto para que los habitantes de la cuenca del arroyo Pinazo tambi\u00e9n cuenten con el servicio de cloacas: \u201cComenzaremos con dos plantas modulares en el Pinazo para que todas aquellas redes secundarias que se van a construir tengan donde volcar\u201d; en dicho encuentro agradeci\u00f3 el acompa\u00f1amiento del gobierno nacional y el provincial.<\/p>\n<p>La presidenta de AySA destac\u00f3 que el distrito se ver\u00e1 beneficiado con dos sistemas que mejorar\u00e1n la calidad de vida de las vecinas y vecinos de zona norte. \u201cUno es Agua Norte, que ya lo trabajamos con varias l\u00edneas de financiamiento, que es la ampliaci\u00f3n de la Planta Paran\u00e1 de las Palmas, para la que tambi\u00e9n hay que hacer varias impulsiones y un t\u00fanel de 50 kil\u00f3metros de largo. Asimismo, Jos\u00e9 C. Paz es uno de los municipios beneficiados, junto con Malvinas y San Miguel, de la planta de Campo de Mayo\u201d.<\/p>\n<p>En esa l\u00ednea, el intendente Ishii destac\u00f3 que \u201cnunca antes hab\u00eda llegado el equipo de AySA como lleg\u00f3 hoy. Las obras ya est\u00e1n iniciadas, as\u00ed que vamos a tener por fin las cloacas en Jos\u00e9 C. Paz y agua corriente\u201d.<\/p>\n<p>Uno de los proyectos m\u00e1s importantes en los que se encuentra trabajando AySA es en la puesta en valor de la Planta Depuradora Centro, que actualmente ya cuenta con un 86% de avance. Permitir\u00e1 tener la capacidad de tratamiento para seguir avanzando en la construcci\u00f3n de redes cloacas en la zona c\u00e9ntrica.<\/p>\n<p>En lo que respecta al servicio de agua potable, desde diciembre de 2019 se duplic\u00f3 la cantidad de perforaciones de agua subterr\u00e1nea para mejorar el caudal ofrecido a sus usuarias y usuarias.<\/p>\n","protected":false},"excerpt":{"rendered":"<p>La presidenta de AySA, Malena Galmarini, y el intendente de Jos\u00e9 C. Paz, Mario Ishii, se reunieron en el palacio municipal junto con sus equipos t\u00e9cnicos para supervisar el estado de las obras finalizadas y en ejecuci\u00f3n en el municipio; asimismo trabajar en la planificaci\u00f3n de proyectos en conjunto para mejorar la calidad de vida [&hellip;]<\/p>\n","protected":false},"author":1,"featured_media":20383,"comment_status":"closed","ping_status":"closed","sticky":false,"template":"","format":"standard","meta":{"footnotes":""},"categories":[20,31],"tags":[91,191],"class_list":{"0":"post-20382","1":"post","2":"type-post","3":"status-publish","4":"format-standard","5":"has-post-thumbnail","7":"category-municipios","8":"category-provincia","9":"tag-malena-galmarini","10":"tag-servicios-publicos"},"aioseo_notices":[],"_links":{"self":[{"href":"https:\/\/guiadenoticias.com.ar\/diario\/wp-json\/wp\/v2\/posts\/20382","targetHints":{"allow":["GET"]}}],"collection":[{"href":"https:\/\/guiadenoticias.com.ar\/diario\/wp-json\/wp\/v2\/posts"}],"about":[{"href":"https:\/\/guiadenoticias.com.ar\/diario\/wp-json\/wp\/v2\/types\/post"}],"author":[{"embeddable":true,"href":"https:\/\/guiadenoticias.com.ar\/diario\/wp-json\/wp\/v2\/users\/1"}],"replies":[{"embeddable":true,"href":"https:\/\/guiadenoticias.com.ar\/diario\/wp-json\/wp\/v2\/comments?post=20382"}],"version-history":[{"count":2,"href":"https:\/\/guiadenoticias.com.ar\/diario\/wp-json\/wp\/v2\/posts\/20382\/revisions"}],"predecessor-version":[{"id":20387,"href":"https:\/\/guiadenoticias.com.ar\/diario\/wp-json\/wp\/v2\/posts\/20382\/revisions\/20387"}],"wp:featuredmedia":[{"embeddable":true,"href":"https:\/\/guiadenoticias.com.ar\/diario\/wp-json\/wp\/v2\/media\/20383"}],"wp:attachment":[{"href":"https:\/\/guiadenoticias.com.ar\/diario\/wp-json\/wp\/v2\/media?parent=20382"}],"wp:term":[{"taxonomy":"category","embeddable":true,"href":"https:\/\/guiadenoticias.com.ar\/diario\/wp-json\/wp\/v2\/categories?post=20382"},{"taxonomy":"post_tag","embeddable":true,"href":"https:\/\/guiadenoticias.com.ar\/diario\/wp-json\/wp\/v2\/tags?post=20382"}],"curies":[{"name":"wp","href":"https:\/\/api.w.org\/{rel}","templated":true}]}}