{"id":20435,"date":"2022-09-29T20:00:04","date_gmt":"2022-09-29T23:00:04","guid":{"rendered":"https:\/\/guiadenoticias.com.ar\/diario\/?p=20435"},"modified":"2022-09-30T02:33:48","modified_gmt":"2022-09-30T05:33:48","slug":"ghi-y-zabaleta-recorrieron-la-auditoria-de-potenciar-trabajo","status":"publish","type":"post","link":"https:\/\/guiadenoticias.com.ar\/diario\/ghi-y-zabaleta-recorrieron-la-auditoria-de-potenciar-trabajo\/","title":{"rendered":"Ghi y Zabaleta recorrieron la auditor\u00eda de \u201cPotenciar Trabajo\u201d"},"content":{"rendered":"<p>En el marco del Programa Potenciar Trabajo, el intendente Lucas Ghi recibi\u00f3 en Mor\u00f3n al ministro de Desarrollo Social de la Naci\u00f3n, Juan Zabaleta, con quien recorri\u00f3 el Polo Productivo de Econom\u00eda Social y Centro de Formaci\u00f3n, Capacitaci\u00f3n y Polo Productivo N\u00e9stor Kirchner, donde se llevan a cabo las auditorias que permiten certificar las actividades de quienes participan de esta iniciativa.<\/p>\n<p>Al respeto, el jefe comunal destac\u00f3 que \u201ctrabajamos con el ministro intensamente para generar las condiciones propicias para que nuestros vecinos y vecinas alcanzadas por este programa vean reflejada una transformaci\u00f3n en sus condiciones de vida. Quienes no ten\u00edan completo sus estudios pueden concluir ese proceso y adquirir una competencia laboral y profesional, procesos que son sumamente gratificantes\u201d.<\/p>\n<p>Adem\u00e1s, resalt\u00f3 que \u201cacompa\u00f1ar es tambi\u00e9n garantizar el impacto comunitario que eso debe tener. Conducimos estos equipos de trabajo, que impactan en el barrio, en los entornos, en las escuelas, en los comercios, en las plazas, que nuestros vecinos y vecinas tambi\u00e9n vean que el esfuerzo de estos trabajadores que se desempe\u00f1an en el marco de este programa redunda en mejoras en las condiciones de vida de la nuestra comunidades\u201d.<\/p>\n<p>Por su parte, el ministro Zabaleta expres\u00f3 que \u201cdecidimos ya hace dos meses comenzar a trabajar en dos cuestiones puntuales, que es cuidar a aquella persona que tiene el Potenciar Trabajo y darle oportunidades\u201d, y sum\u00f3: \u201cAqu\u00ed se realiza una tarea muy importante para los vecinos que tienen la posibilidad de producir y que la familia de Mor\u00f3n se dignifique. Estamos transformando planes en trabajo para transformar las condiciones de vida de nuestra gente\u201d.<\/p>\n<p>En Mor\u00f3n realizan la auditor\u00eda en articulaci\u00f3n con la Universidad de Hurlingham, tanto en espacios de unidades productivas gubernamentales como no gubernamentales.<\/p>\n<p>En tanto, la actividades que se llevan a cabo en los Polos Productivos se enfocan en brindar habilidades, conocimiento y la construcci\u00f3n de un oficio; promocionando la certificaci\u00f3n de competencias laborales y validando los conocimientos de las y los trabajadores para garantizar su inserci\u00f3n laboral.<\/p>\n<p>\u201cPotenciar Trabajo\u201d es una iniciativa nacional que tiene como fin contribuir a la construcci\u00f3n de empleo genuino, generar nuevos proyectos que incluyan a los grupos sociales vulnerables a trav\u00e9s de la formaci\u00f3n y tambi\u00e9n garantiza el acceso a la terminalidad educativa.<\/p>\n","protected":false},"excerpt":{"rendered":"<p>En el marco del Programa Potenciar Trabajo, el intendente Lucas Ghi recibi\u00f3 en Mor\u00f3n al ministro de Desarrollo Social de la Naci\u00f3n, Juan Zabaleta, con quien recorri\u00f3 el Polo Productivo de Econom\u00eda Social y Centro de Formaci\u00f3n, Capacitaci\u00f3n y Polo Productivo N\u00e9stor Kirchner, donde se llevan a cabo las auditorias que permiten certificar las actividades [&hellip;]<\/p>\n","protected":false},"author":1,"featured_media":20436,"comment_status":"closed","ping_status":"closed","sticky":false,"template":"","format":"standard","meta":{"footnotes":""},"categories":[28,20,48],"tags":[84,73,172],"class_list":{"0":"post-20435","1":"post","2":"type-post","3":"status-publish","4":"format-standard","5":"has-post-thumbnail","7":"category-moron","8":"category-municipios","9":"category-politica-argentina","10":"tag-juan-zabaleta","11":"tag-lucas-ghi","12":"tag-trabajo"},"aioseo_notices":[],"_links":{"self":[{"href":"https:\/\/guiadenoticias.com.ar\/diario\/wp-json\/wp\/v2\/posts\/20435","targetHints":{"allow":["GET"]}}],"collection":[{"href":"https:\/\/guiadenoticias.com.ar\/diario\/wp-json\/wp\/v2\/posts"}],"about":[{"href":"https:\/\/guiadenoticias.com.ar\/diario\/wp-json\/wp\/v2\/types\/post"}],"author":[{"embeddable":true,"href":"https:\/\/guiadenoticias.com.ar\/diario\/wp-json\/wp\/v2\/users\/1"}],"replies":[{"embeddable":true,"href":"https:\/\/guiadenoticias.com.ar\/diario\/wp-json\/wp\/v2\/comments?post=20435"}],"version-history":[{"count":1,"href":"https:\/\/guiadenoticias.com.ar\/diario\/wp-json\/wp\/v2\/posts\/20435\/revisions"}],"predecessor-version":[{"id":20437,"href":"https:\/\/guiadenoticias.com.ar\/diario\/wp-json\/wp\/v2\/posts\/20435\/revisions\/20437"}],"wp:featuredmedia":[{"embeddable":true,"href":"https:\/\/guiadenoticias.com.ar\/diario\/wp-json\/wp\/v2\/media\/20436"}],"wp:attachment":[{"href":"https:\/\/guiadenoticias.com.ar\/diario\/wp-json\/wp\/v2\/media?parent=20435"}],"wp:term":[{"taxonomy":"category","embeddable":true,"href":"https:\/\/guiadenoticias.com.ar\/diario\/wp-json\/wp\/v2\/categories?post=20435"},{"taxonomy":"post_tag","embeddable":true,"href":"https:\/\/guiadenoticias.com.ar\/diario\/wp-json\/wp\/v2\/tags?post=20435"}],"curies":[{"name":"wp","href":"https:\/\/api.w.org\/{rel}","templated":true}]}}