{"id":20451,"date":"2022-10-03T22:00:35","date_gmt":"2022-10-04T01:00:35","guid":{"rendered":"https:\/\/guiadenoticias.com.ar\/diario\/?p=20451"},"modified":"2022-10-04T19:36:08","modified_gmt":"2022-10-04T22:36:08","slug":"massa-anuncio-medidas-para-fomentar-exportaciones-de-la-economia-del-conocimiento","status":"publish","type":"post","link":"https:\/\/guiadenoticias.com.ar\/diario\/massa-anuncio-medidas-para-fomentar-exportaciones-de-la-economia-del-conocimiento\/","title":{"rendered":"Massa anunci\u00f3 medidas para fomentar exportaciones de la Econom\u00eda del Conocimiento"},"content":{"rendered":"<p>A d\u00edas de haber finalizado la vigencia del \u00abd\u00f3lar soja\u00bb, el ministro de Econom\u00eda, Sergio Massa, anunci\u00f3 beneficios para la industria de la Econom\u00eda del Conocimiento, con el objetivo de ampliar la capacidad productiva del sector, incorporar nuevos trabajadores e incrementar las exportaciones. \u00abAspiramos a que este sector exporte el a\u00f1o que viene 10 mil millones de d\u00f3lares y se consolide como el tercer complejo exportador de la Argentina\u00bb, afirm\u00f3 el titular de Hacienda.<\/p>\n<p>Desde la c\u00fapula del Centro Cultural Kirchner y acompa\u00f1ado por el secretario de Econom\u00eda del Conocimiento, Ariel Sujarchuk, el ministro dio cuenta de los cambios culturales, econ\u00f3micos y sociales que atraviesa el mundo luego de la pandemia y destac\u00f3 la importancia de \u00abla revoluci\u00f3n tecnol\u00f3gica y del conocimiento\u00bb para generar valor.<\/p>\n<p>\u00abEl mundo nos pone frente a un desaf\u00edo enorme\u00bb, dijo, donde conviven \u00abuna enorme influencia del conocimiento transformado en tecnolog\u00eda, y la tecnolog\u00eda transformada en los procesos de producci\u00f3n y de decisiones\u00bb. Tambi\u00e9n anunci\u00f3 una serie de beneficios para el sector, enfocados en ampliar su capacidad exportadora a trav\u00e9s del otorgamiento de beneficios fiscales y cambiarios para aquellos que incrementen su volumen de negocios.<\/p>\n<p>Massa manifest\u00f3 que la decisi\u00f3n de impulsar este programa de incentivos y beneficios en la Econom\u00eda del Conocimiento \u00abtiene un impacto en los n\u00fameros\u00bb, y agreg\u00f3 que uno de los prop\u00f3sitos del programa de incentivos tiene que ver con que la marca de reconocimiento que tiene el pa\u00eds a nivel regional respecto al capital humano \u00abse transforme en algo permanente\u00bb.<\/p>\n<p>Por ese motivo, el intendente de Escobar en uso de licencia se\u00f1al\u00f3 que en el Presupuesto 2023 \u00abse aument\u00f3 en 200% el bono fiscal\u00bb para las empresas del sector y destac\u00f3 que en el tiempo que lleva Massa como ministro resolvieron el retraso que hab\u00eda sobre dicho tema.<\/p>\n<p>El propio ministro explic\u00f3 que \u00abla idea de multiplicar por tres la cantidad de compa\u00f1\u00edas que accedan a beneficios fiscales (busca) multiplicar nuestra capacidad exportadora y de producci\u00f3n de conocimiento\u00bb. Y con ello, que se puedan pagar mejores sueldos \u00abpara que nuestros genios, nuestros talentos, puedan quedarse ac\u00e1 teniendo salarios competitivos a nivel regional\u00bb.<\/p>\n<p>En ese sentido, Massa enfatiz\u00f3 que el decreto plantea \u00abreconocer que la elegibilidad que hay sobre la Argentina por nuestras universidades, por nuestro esfuerzo presupuestario invirtiendo en ciencia y tecnolog\u00eda, por las empresa p\u00fablicas y privadas, que juegan un rol importante, y por el enorme esfuerzo de innumerables empresas que dan trabajo, que dan mucho contenido y generan exportaci\u00f3n y que no tienen tanta marca. Lo mejor que tiene Argentina para vender al mundo es el talento de los argentinos\u00bb.<\/p>\n","protected":false},"excerpt":{"rendered":"<p>A d\u00edas de haber finalizado la vigencia del \u00abd\u00f3lar soja\u00bb, el ministro de Econom\u00eda, Sergio Massa, anunci\u00f3 beneficios para la industria de la Econom\u00eda del Conocimiento, con el objetivo de ampliar la capacidad productiva del sector, incorporar nuevos trabajadores e incrementar las exportaciones. \u00abAspiramos a que este sector exporte el a\u00f1o que viene 10 mil [&hellip;]<\/p>\n","protected":false},"author":1,"featured_media":20452,"comment_status":"closed","ping_status":"closed","sticky":false,"template":"","format":"standard","meta":{"footnotes":""},"categories":[49,30],"tags":[123,87],"class_list":{"0":"post-20451","1":"post","2":"type-post","3":"status-publish","4":"format-standard","5":"has-post-thumbnail","7":"category-economia-y-gremiales","8":"category-nacion","9":"tag-economia","10":"tag-sergio-massa"},"aioseo_notices":[],"_links":{"self":[{"href":"https:\/\/guiadenoticias.com.ar\/diario\/wp-json\/wp\/v2\/posts\/20451","targetHints":{"allow":["GET"]}}],"collection":[{"href":"https:\/\/guiadenoticias.com.ar\/diario\/wp-json\/wp\/v2\/posts"}],"about":[{"href":"https:\/\/guiadenoticias.com.ar\/diario\/wp-json\/wp\/v2\/types\/post"}],"author":[{"embeddable":true,"href":"https:\/\/guiadenoticias.com.ar\/diario\/wp-json\/wp\/v2\/users\/1"}],"replies":[{"embeddable":true,"href":"https:\/\/guiadenoticias.com.ar\/diario\/wp-json\/wp\/v2\/comments?post=20451"}],"version-history":[{"count":1,"href":"https:\/\/guiadenoticias.com.ar\/diario\/wp-json\/wp\/v2\/posts\/20451\/revisions"}],"predecessor-version":[{"id":20453,"href":"https:\/\/guiadenoticias.com.ar\/diario\/wp-json\/wp\/v2\/posts\/20451\/revisions\/20453"}],"wp:featuredmedia":[{"embeddable":true,"href":"https:\/\/guiadenoticias.com.ar\/diario\/wp-json\/wp\/v2\/media\/20452"}],"wp:attachment":[{"href":"https:\/\/guiadenoticias.com.ar\/diario\/wp-json\/wp\/v2\/media?parent=20451"}],"wp:term":[{"taxonomy":"category","embeddable":true,"href":"https:\/\/guiadenoticias.com.ar\/diario\/wp-json\/wp\/v2\/categories?post=20451"},{"taxonomy":"post_tag","embeddable":true,"href":"https:\/\/guiadenoticias.com.ar\/diario\/wp-json\/wp\/v2\/tags?post=20451"}],"curies":[{"name":"wp","href":"https:\/\/api.w.org\/{rel}","templated":true}]}}