{"id":20502,"date":"2022-10-04T20:00:43","date_gmt":"2022-10-04T23:00:43","guid":{"rendered":"https:\/\/guiadenoticias.com.ar\/diario\/?p=20502"},"modified":"2022-10-13T03:24:27","modified_gmt":"2022-10-13T06:24:27","slug":"moreira-inauguro-un-nuevo-centro-de-cuidado-infantil-en-barrio-independencia","status":"publish","type":"post","link":"https:\/\/guiadenoticias.com.ar\/diario\/moreira-inauguro-un-nuevo-centro-de-cuidado-infantil-en-barrio-independencia\/","title":{"rendered":"Moreira inaugur\u00f3 un nuevo Centro de Cuidado Infantil en Barrio Independencia"},"content":{"rendered":"<p>El intendente de San Mart\u00edn, Fernando Moreira, junto con la secretaria de Inclusi\u00f3n Socio Urbana de la Naci\u00f3n, Fernanda Mi\u00f1o, y la secretaria de Mujeres, G\u00e9neros e Infancias, Marcela Ferri, inauguraron el nuevo Centro de Cuidado Infantil Rosarito Vera, de Barrio Independencia.<\/p>\n<p>El encuentro cont\u00f3 tambi\u00e9n con la presencia del ministro de Obras P\u00fablicas de la Naci\u00f3n, Gabriel Katopodis, y el ministro de Salud de Provincia, Nicol\u00e1s Kreplak.<\/p>\n<p>Al respecto, el jefe comunal destac\u00f3: \u201cVemos el crecimiento que tiene nuestra Red de Cuidado de la Primera Infancia, que demuestra que consolidamos una ciudad que incluye a todas y a todos nuestros chicos por igual, desde la edad m\u00e1s temprana. Construimos estos espacios porque queremos que crezcan en un \u00e1mbito que los anime a divertirse y a so\u00f1ar\u201d.<\/p>\n<p>Y agreg\u00f3, \u201chace una d\u00e9cada esta zona estaba pr\u00e1cticamente abandonada por el Estado, sin infraestructura, contenci\u00f3n ni acompa\u00f1amiento estatal, y hoy es parte de una ciudad integrada, donde el Estado est\u00e1 presente, cerca y activo, con espacios de gran calidad\u201d.<\/p>\n<p>El Centro de Cuidado Infantil Rosarito Vera, que forma parte del Plan Estrat\u00e9gico de Obras, est\u00e1 ubicado en la esquina de Padre Mugica (Calle 4) y Artigas, cuenta con tres modernas salas, un sal\u00f3n de usos m\u00faltiples, cuatro ba\u00f1os comunes y uno para personas con discapacidad; cocina, direcci\u00f3n, oficina del programa Crecer Bien, dos patios de juegos y otras instalaciones.<\/p>\n<p>Este espacio recibir\u00e1 diariamente a 120 ni\u00f1as y ni\u00f1os de 6 meses hasta 3 a\u00f1os, y brindar\u00e1 cuidado integral especializado, actividades educativas, deportivas, recreativas, art\u00edsticas, l\u00fadicas y un plan de nutrici\u00f3n, de lunes a viernes, de 8 a 16 horas.<\/p>\n<p>Adem\u00e1s, cuenta con una oficina del programa municipal de acompa\u00f1amiento en la crianza Crecer Bien, abierto a todas las mujeres embarazadas y familias con ni\u00f1as y ni\u00f1os de hasta 6 a\u00f1os. Por otro lado, la sede tendr\u00e1 un espacio abierto a toda la comunidad, con cursos de formaci\u00f3n laboral, un punto de apoyo escolar del programa municipal Conectar de Nuevo y educaci\u00f3n para adultos.<\/p>\n<p>Este Centro forma parte de la red municipal a cargo de la Direcci\u00f3n General de Cuidado Infantil de la Secretar\u00eda de Mujeres, G\u00e9neros e Infancias, y es una de las 13 instituciones de este tipo que existen en San Mart\u00edn. Pr\u00f3ximamente se abrir\u00e1 otro en Villa Hidalgo y remodelar\u00e1n los Centros Belgrano y Buscando el Sol.<\/p>\n","protected":false},"excerpt":{"rendered":"<p>El intendente de San Mart\u00edn, Fernando Moreira, junto con la secretaria de Inclusi\u00f3n Socio Urbana de la Naci\u00f3n, Fernanda Mi\u00f1o, y la secretaria de Mujeres, G\u00e9neros e Infancias, Marcela Ferri, inauguraron el nuevo Centro de Cuidado Infantil Rosarito Vera, de Barrio Independencia. El encuentro cont\u00f3 tambi\u00e9n con la presencia del ministro de Obras P\u00fablicas de [&hellip;]<\/p>\n","protected":false},"author":1,"featured_media":20503,"comment_status":"closed","ping_status":"closed","sticky":false,"template":"","format":"standard","meta":{"footnotes":""},"categories":[20,24],"tags":[74,85,233,80],"class_list":{"0":"post-20502","1":"post","2":"type-post","3":"status-publish","4":"format-standard","5":"has-post-thumbnail","7":"category-municipios","8":"category-san-martin","9":"tag-fernando-moreira","10":"tag-gabriel-katopodis","11":"tag-infancia","12":"tag-salud"},"aioseo_notices":[],"_links":{"self":[{"href":"https:\/\/guiadenoticias.com.ar\/diario\/wp-json\/wp\/v2\/posts\/20502","targetHints":{"allow":["GET"]}}],"collection":[{"href":"https:\/\/guiadenoticias.com.ar\/diario\/wp-json\/wp\/v2\/posts"}],"about":[{"href":"https:\/\/guiadenoticias.com.ar\/diario\/wp-json\/wp\/v2\/types\/post"}],"author":[{"embeddable":true,"href":"https:\/\/guiadenoticias.com.ar\/diario\/wp-json\/wp\/v2\/users\/1"}],"replies":[{"embeddable":true,"href":"https:\/\/guiadenoticias.com.ar\/diario\/wp-json\/wp\/v2\/comments?post=20502"}],"version-history":[{"count":1,"href":"https:\/\/guiadenoticias.com.ar\/diario\/wp-json\/wp\/v2\/posts\/20502\/revisions"}],"predecessor-version":[{"id":20504,"href":"https:\/\/guiadenoticias.com.ar\/diario\/wp-json\/wp\/v2\/posts\/20502\/revisions\/20504"}],"wp:featuredmedia":[{"embeddable":true,"href":"https:\/\/guiadenoticias.com.ar\/diario\/wp-json\/wp\/v2\/media\/20503"}],"wp:attachment":[{"href":"https:\/\/guiadenoticias.com.ar\/diario\/wp-json\/wp\/v2\/media?parent=20502"}],"wp:term":[{"taxonomy":"category","embeddable":true,"href":"https:\/\/guiadenoticias.com.ar\/diario\/wp-json\/wp\/v2\/categories?post=20502"},{"taxonomy":"post_tag","embeddable":true,"href":"https:\/\/guiadenoticias.com.ar\/diario\/wp-json\/wp\/v2\/tags?post=20502"}],"curies":[{"name":"wp","href":"https:\/\/api.w.org\/{rel}","templated":true}]}}