{"id":20555,"date":"2022-10-18T10:00:35","date_gmt":"2022-10-18T13:00:35","guid":{"rendered":"https:\/\/guiadenoticias.com.ar\/diario\/?p=20555"},"modified":"2022-10-20T03:07:40","modified_gmt":"2022-10-20T06:07:40","slug":"gran-convocatoria-para-la-primera-feria-del-libro-en-san-martin","status":"publish","type":"post","link":"https:\/\/guiadenoticias.com.ar\/diario\/gran-convocatoria-para-la-primera-feria-del-libro-en-san-martin\/","title":{"rendered":"Gran convocatoria para  la primera Feria del Libro en San Mart\u00edn"},"content":{"rendered":"<p>Del 13 al 16 de octubre, se realiz\u00f3 la primera Feria del Libro San Mart\u00edn Lee, con m\u00e1s de 50 stands de librer\u00edas y editoriales, charlas con autores, presentaciones, talleres, juegos y actividades culturales para todas las edades; adem\u00e1s de una biblioteca digital de acceso gratuito, y bibliotecas al paso en distintos espacios. Seg\u00fan inform\u00f3 la organizaci\u00f3n del evento, durante esos cuatro d\u00edas, m\u00e1s de 50 mil vecinas y vecinos disfrutaron de las propuestas gratuitas realizadas en la Plaza Central y en el Complejo Cultural Plaza.<\/p>\n<p>En la inauguraci\u00f3n cont\u00f3 con las presencias del intendente Fernando Moreira, el ministro de Obras P\u00fablicas de Naci\u00f3n, Gabriel Katopodis; la secretaria para la Integraci\u00f3n Educativa, Cultural y Deportiva, Nancy Cappelloni, el presidente del Concejo Deliberante, Sergio Gonz\u00e1lez, y el escritor, dramaturgo y director de teatro Mauricio Kartun, quien recibi\u00f3 un reconocimiento como personalidad destacada de la ciudad en el \u00e1mbito de la cultura.<\/p>\n<p>El encuentro dio inicio con la presentaci\u00f3n de la orquesta Sinf\u00f3nica Municipal, que ofreci\u00f3 un concierto de m\u00fasica popular argentina de autores como Alberto Ginastera, \u00c1stor Piazzolla, Charly Garc\u00eda y Fito P\u00e1ez. Luego hizo uso de la palabra Nancy Cappelloni: \u201cEsta feria es el fruto de un esfuerzo enorme que este gobierno municipal lleva adelante para fortalecer y crear la cultura del encuentro, para que nuestros artistas, nuestros escritores, puedan expresarse y encontrarse\u201d, y agreg\u00f3 que \u201cesta feria la hacemos como todo lo que llevamos adelante desde el Estado municipal, de mucha calidad, porque sostenemos que todo lo que es del Estado tiene que ser de la mejor calidad\u201d.<\/p>\n<p>Por su parte, el jefe comunal afirm\u00f3, \u201ces una alegr\u00eda la presentaci\u00f3n de esta feria y un corolario a muchos a\u00f1os de trabajo de esta gesti\u00f3n, ya m\u00e1s de una d\u00e9cada, por supuesto con Gabriel Katopodis intendente ten\u00edamos ese desaf\u00edo con respecto a la pol\u00edtica cultural, que entend\u00edamos que ten\u00eda que llegar a todas las vecinas y vecinos, que incluyera salir de un formato endog\u00e1mico, elitista, y ten\u00edamos el desaf\u00edo de llegar a todos lados, de facilitar el acceso de todos los vecinos a la cultura, garantizando la calidad\u201d.<\/p>\n<p>Y en ese sentido destac\u00f3: \u201cla feria del libro se llama San Mart\u00edn Lee, que es un programa de pol\u00edtica de impulso, promoci\u00f3n de facilitaci\u00f3n de la lectura que ocurre descentralizadamente, generando espacios de lectura, donde se transforma ese acto individual, en un acto colectivo, que favorece la reflexi\u00f3n colectiva, que es muy enriquecedora, ese es el esp\u00edritu con que llevamos adelante las pol\u00edticas culturales\u201d.<\/p>\n<p>Luego de las palabras de las autoridades se procedi\u00f3 al simb\u00f3lico corte de cinta. El cierre de la primera jornada estuvo a cargo de Alejandro Dolina en el Complejo Cultural Plaza, donde grab\u00f3 en vivo su programa de radio \u201cLa venganza ser\u00e1 terrible\u201d. En otro orden, Mar\u00eda Soledad Iparraguirre present\u00f3 su libro \u201cDelia. Basti\u00f3n de Resistencia\u201d, un homenaje a quien fue una de las fundadoras de Abuelas de Plaza de Mayo, Delia Giovanola, vecina de la ciudad que falleci\u00f3 este a\u00f1o.<\/p>\n<p>Por otra parte, se present\u00f3 el libro \u201c#JuntasLibresIguales\u201d con una performance art\u00edstica y la participaci\u00f3n de la ministra de las Mujeres, Pol\u00edticas de G\u00e9nero y Diversidad Sexual de la Provincia, Estela D\u00edaz.<\/p>\n<p>Todos los d\u00edas hubo foodtrucks y productos de la Feria Manos, un Planetario M\u00f3vil que visitaron las escuelas, y puntos de Educaci\u00f3n, Juventudes y Diversidades, Mujeres y G\u00e9neros, Infancias, Ambiente y Cultura con talleres, charlas y otras propuestas abiertas.<\/p>\n","protected":false},"excerpt":{"rendered":"<p>Del 13 al 16 de octubre, se realiz\u00f3 la primera Feria del Libro San Mart\u00edn Lee, con m\u00e1s de 50 stands de librer\u00edas y editoriales, charlas con autores, presentaciones, talleres, juegos y actividades culturales para todas las edades; adem\u00e1s de una biblioteca digital de acceso gratuito, y bibliotecas al paso en distintos espacios. Seg\u00fan inform\u00f3 [&hellip;]<\/p>\n","protected":false},"author":1,"featured_media":20556,"comment_status":"closed","ping_status":"closed","sticky":false,"template":"","format":"standard","meta":{"footnotes":""},"categories":[50,20,24],"tags":[74,85],"class_list":{"0":"post-20555","1":"post","2":"type-post","3":"status-publish","4":"format-standard","5":"has-post-thumbnail","7":"category-cultura","8":"category-municipios","9":"category-san-martin","10":"tag-fernando-moreira","11":"tag-gabriel-katopodis"},"aioseo_notices":[],"_links":{"self":[{"href":"https:\/\/guiadenoticias.com.ar\/diario\/wp-json\/wp\/v2\/posts\/20555","targetHints":{"allow":["GET"]}}],"collection":[{"href":"https:\/\/guiadenoticias.com.ar\/diario\/wp-json\/wp\/v2\/posts"}],"about":[{"href":"https:\/\/guiadenoticias.com.ar\/diario\/wp-json\/wp\/v2\/types\/post"}],"author":[{"embeddable":true,"href":"https:\/\/guiadenoticias.com.ar\/diario\/wp-json\/wp\/v2\/users\/1"}],"replies":[{"embeddable":true,"href":"https:\/\/guiadenoticias.com.ar\/diario\/wp-json\/wp\/v2\/comments?post=20555"}],"version-history":[{"count":1,"href":"https:\/\/guiadenoticias.com.ar\/diario\/wp-json\/wp\/v2\/posts\/20555\/revisions"}],"predecessor-version":[{"id":20557,"href":"https:\/\/guiadenoticias.com.ar\/diario\/wp-json\/wp\/v2\/posts\/20555\/revisions\/20557"}],"wp:featuredmedia":[{"embeddable":true,"href":"https:\/\/guiadenoticias.com.ar\/diario\/wp-json\/wp\/v2\/media\/20556"}],"wp:attachment":[{"href":"https:\/\/guiadenoticias.com.ar\/diario\/wp-json\/wp\/v2\/media?parent=20555"}],"wp:term":[{"taxonomy":"category","embeddable":true,"href":"https:\/\/guiadenoticias.com.ar\/diario\/wp-json\/wp\/v2\/categories?post=20555"},{"taxonomy":"post_tag","embeddable":true,"href":"https:\/\/guiadenoticias.com.ar\/diario\/wp-json\/wp\/v2\/tags?post=20555"}],"curies":[{"name":"wp","href":"https:\/\/api.w.org\/{rel}","templated":true}]}}