{"id":20566,"date":"2022-10-20T10:00:09","date_gmt":"2022-10-20T13:00:09","guid":{"rendered":"https:\/\/guiadenoticias.com.ar\/diario\/?p=20566"},"modified":"2022-10-28T17:38:17","modified_gmt":"2022-10-28T20:38:17","slug":"katopodis-visito-al-frente-de-todos-de-tres-de-febrero","status":"publish","type":"post","link":"https:\/\/guiadenoticias.com.ar\/diario\/katopodis-visito-al-frente-de-todos-de-tres-de-febrero\/","title":{"rendered":"Katopodis visit\u00f3 al Frente de Todos de Tres de Febrero"},"content":{"rendered":"<p>De cara a las elecciones de 2023, en Tres de Febrero se juega un importante partido, en el cual ya se reciben adhesiones. En ese sentido, Gabriel Katopodis dijo presente en la sede del Consejo del PJ, respaldando al peronismo y a los concejales del Frente de Todos.<\/p>\n<p>En ese plenario, Eduardo M\u00e1rquez, vicepresidente de Corredores Viales y responsable de la visita del ministro al distrito, declar\u00f3: \u00abEs con unidad y con una gran militancia que vamos a recuperar Tres de Febrero. Es lo que hizo Gabriel en San Mart\u00edn cuando todos le dec\u00edan que no se pod\u00eda. Ese es el modelo\u00bb.<\/p>\n<p>Al momento de tomar el micr\u00f3fono, Katopodis enfatiz\u00f3, \u201ctenemos que recuperar la calle y el di\u00e1logo para que cada vecino y vecina nos vuelvan a mirar como opci\u00f3n y se vuelvan a entusiasmar, se vuelvan a enamorar, tengan ganas de participar y respaldar un proyecto victorioso, en Tres de Febrero y en toda la argentina\u201d.<\/p>\n<p>Y el concejal y presidente del bloque del FdT, concluy\u00f3 que \u201cac\u00e1 estamos todos representados, entre muchos compa\u00f1eros y compa\u00f1eras, quienes tenemos ganas de trabajar, dar los debates necesarios y definir el mejor proyecto pol\u00edtico para llevar adelante una propuesta que haga de Tres de Febrero un mejor distrito para todos y todas. No es momento para hablar de candidaturas, sino de trabajar para que el distrito vuelva a ser de todos y todas y no s\u00f3lo de unos pocos\u201d.<\/p>\n","protected":false},"excerpt":{"rendered":"<p>De cara a las elecciones de 2023, en Tres de Febrero se juega un importante partido, en el cual ya se reciben adhesiones. En ese sentido, Gabriel Katopodis dijo presente en la sede del Consejo del PJ, respaldando al peronismo y a los concejales del Frente de Todos. En ese plenario, Eduardo M\u00e1rquez, vicepresidente de [&hellip;]<\/p>\n","protected":false},"author":1,"featured_media":20567,"comment_status":"closed","ping_status":"closed","sticky":false,"template":"","format":"standard","meta":{"footnotes":""},"categories":[70,20,48,26],"tags":[104,85,160,138],"class_list":{"0":"post-20566","1":"post","2":"type-post","3":"status-publish","4":"format-standard","5":"has-post-thumbnail","7":"category-las-mas-leidas","8":"category-municipios","9":"category-politica-argentina","10":"category-tres-de-febrero","11":"tag-frente-de-todos","12":"tag-gabriel-katopodis","13":"tag-juan-debandi","14":"tag-pj"},"aioseo_notices":[],"_links":{"self":[{"href":"https:\/\/guiadenoticias.com.ar\/diario\/wp-json\/wp\/v2\/posts\/20566","targetHints":{"allow":["GET"]}}],"collection":[{"href":"https:\/\/guiadenoticias.com.ar\/diario\/wp-json\/wp\/v2\/posts"}],"about":[{"href":"https:\/\/guiadenoticias.com.ar\/diario\/wp-json\/wp\/v2\/types\/post"}],"author":[{"embeddable":true,"href":"https:\/\/guiadenoticias.com.ar\/diario\/wp-json\/wp\/v2\/users\/1"}],"replies":[{"embeddable":true,"href":"https:\/\/guiadenoticias.com.ar\/diario\/wp-json\/wp\/v2\/comments?post=20566"}],"version-history":[{"count":1,"href":"https:\/\/guiadenoticias.com.ar\/diario\/wp-json\/wp\/v2\/posts\/20566\/revisions"}],"predecessor-version":[{"id":20568,"href":"https:\/\/guiadenoticias.com.ar\/diario\/wp-json\/wp\/v2\/posts\/20566\/revisions\/20568"}],"wp:featuredmedia":[{"embeddable":true,"href":"https:\/\/guiadenoticias.com.ar\/diario\/wp-json\/wp\/v2\/media\/20567"}],"wp:attachment":[{"href":"https:\/\/guiadenoticias.com.ar\/diario\/wp-json\/wp\/v2\/media?parent=20566"}],"wp:term":[{"taxonomy":"category","embeddable":true,"href":"https:\/\/guiadenoticias.com.ar\/diario\/wp-json\/wp\/v2\/categories?post=20566"},{"taxonomy":"post_tag","embeddable":true,"href":"https:\/\/guiadenoticias.com.ar\/diario\/wp-json\/wp\/v2\/tags?post=20566"}],"curies":[{"name":"wp","href":"https:\/\/api.w.org\/{rel}","templated":true}]}}