{"id":2060,"date":"2016-05-10T01:45:05","date_gmt":"2016-05-10T04:45:05","guid":{"rendered":"http:\/\/guiadenoticias.com.ar\/diario\/?p=2060"},"modified":"2016-05-10T01:45:26","modified_gmt":"2016-05-10T04:45:26","slug":"gobierno-y-empresarios-firmaron-acuerdo-de-estabilidad-laboral","status":"publish","type":"post","link":"https:\/\/guiadenoticias.com.ar\/diario\/gobierno-y-empresarios-firmaron-acuerdo-de-estabilidad-laboral\/","title":{"rendered":"Gobierno y empresarios firmaron Acuerdo de Estabilidad Laboral"},"content":{"rendered":"<p>El Gobierno anunci\u00f3 este lunes un acuerdo con sectores empresarios para que se suspendan eventuales despidos durante 90 d\u00edas e insisti\u00f3, ante representantes sindicales, que cualquier ley que implique un \u201ccepo laboral\u201d desalentar\u00e1 las inversiones y la generaci\u00f3n de nuevos empleos en el pa\u00eds.<\/p>\n<p>Un gran n\u00famero de empresarios, entre los que se encontraba Cristiano Rattazzi (Fiat), Luis Betnaza (UIA), Claudio Belocopitt (Swiss Medical) y Eduardo Elsztain (IRSA), acompa\u00f1aron el anunci\u00f3 en el Sal\u00f3n Blanco de Casa de Gobierno, que se defini\u00f3 como \u201cCompromiso por el Empleo\u201d.<\/p>\n<p>En el texto, los empresarios se comprometen a no reducir sus planteles de empleados durante 90 d\u00edas, a generar m\u00e1s empleo y a trabajar con el Gobierno y los sindicatos en una agenda de temas de empleo.<\/p>\n<p>Durante su discurso, el presidente Mauricio Macri aclar\u00f3 que dicho compromiso tiene que ver con \u201cun momento del pa\u00eds donde todos tenemos que poner el hombre para ponerlo en marcha\u201d.<\/p>\n<p>\u201cReci\u00e9n hablaba con los compa\u00f1eros gremialistas y les dec\u00eda que nuestra tarea es ocuparnos de todos los argentinos, que todos tengan acceso a ese buen trabajo. Y por eso, hoy, es muy importante que debatamos en serio c\u00f3mo se genera trabajo, desde qu\u00e9 lugar podemos construir y crear trabajo\u201d, indic\u00f3 el mandatario.<\/p>\n<p>Y destac\u00f3 que el trabajo se genera \u201ca partir de sembrar confianza, de tener reglas de juegos claras, previsibles, sostenibles en el tiempo que traiga inversi\u00f3n y la inversi\u00f3n trae trabajo de calidad. Eso es lo que todos queremos. No viene de la mano de las imposiciones, de las trabas, de las arbitrariedades, viene de la mano de la generaci\u00f3n de inversiones\u201d.<\/p>\n<p>La convocatoria a los jefes sindicales incluy\u00f3 a Jos\u00e9 Luis Lingieri (aguas), Carlos West Ocampo (sanidad), Armando Cavalieri (comercio), Luis Barrionuevo (gastron\u00f3micos), Gerardo Mart\u00ednez (construcci\u00f3n), Antonio Cal\u00f3 (metal\u00fargicos), Juan Carlos Schmidt (dragado), Omar Maturano (fraternidad), Guillermo Pereyra (petr\u00f3leo) y Ger\u00f3nimo Venegas (peones).<\/p>\n<p>Como contrapartida, los dirigentes gremiales se llevaron el compromiso de Macri de convocar al Consejo de Salario M\u00ednimo Vital y M\u00f3vil y que se discutir\u00e1 el marco del impuesto a las Ganancias. Sin embargo m\u00e1s all\u00e1 de este compromiso, los dirigentes gremiales ratificaron su decisi\u00f3n de impulsar que se sanciones la ley antidespidos en el Congreso.<\/p>\n<p>En su discurso, el Presidente tambi\u00e9n se refiri\u00f3 a la herencia recibida: \u201cHace 5 a\u00f1os que no se genera trabajo de calidad en Argentina. Tenemos, adem\u00e1s, 3 millones de argentinos que est\u00e1n en situaci\u00f3n laboral precaria y un tercio de los adultos no s\u00f3lo no tienen trabajo, sino que ni siquiera ya lo buscan\u201d.<\/p>\n<p>Y admiti\u00f3 que \u201ces una transici\u00f3n dif\u00edcil, delicada, con el sinceramiento de la econom\u00eda y por eso tomamos medidas sociales que alivian a m\u00e1s de 10 millones de argentinos y les llegamos con distintas medidas, que anunciamos en d\u00edas pasados y que ya est\u00e1n funcionando muchas de ellas\u201d.<\/p>\n","protected":false},"excerpt":{"rendered":"<p>El Gobierno anunci\u00f3 este lunes un acuerdo con sectores empresarios para que se suspendan eventuales despidos durante 90 d\u00edas e insisti\u00f3, ante representantes sindicales, que cualquier ley que implique un \u201ccepo laboral\u201d desalentar\u00e1 las inversiones y la generaci\u00f3n de nuevos empleos en el pa\u00eds. Un gran n\u00famero de empresarios, entre los que se encontraba Cristiano [&hellip;]<\/p>\n","protected":false},"author":1,"featured_media":2061,"comment_status":"closed","ping_status":"open","sticky":false,"template":"","format":"standard","meta":{"footnotes":""},"categories":[49,30,48],"tags":[],"class_list":{"0":"post-2060","1":"post","2":"type-post","3":"status-publish","4":"format-standard","5":"has-post-thumbnail","7":"category-economia-y-gremiales","8":"category-nacion","9":"category-politica-argentina"},"aioseo_notices":[],"_links":{"self":[{"href":"https:\/\/guiadenoticias.com.ar\/diario\/wp-json\/wp\/v2\/posts\/2060","targetHints":{"allow":["GET"]}}],"collection":[{"href":"https:\/\/guiadenoticias.com.ar\/diario\/wp-json\/wp\/v2\/posts"}],"about":[{"href":"https:\/\/guiadenoticias.com.ar\/diario\/wp-json\/wp\/v2\/types\/post"}],"author":[{"embeddable":true,"href":"https:\/\/guiadenoticias.com.ar\/diario\/wp-json\/wp\/v2\/users\/1"}],"replies":[{"embeddable":true,"href":"https:\/\/guiadenoticias.com.ar\/diario\/wp-json\/wp\/v2\/comments?post=2060"}],"version-history":[{"count":1,"href":"https:\/\/guiadenoticias.com.ar\/diario\/wp-json\/wp\/v2\/posts\/2060\/revisions"}],"predecessor-version":[{"id":2062,"href":"https:\/\/guiadenoticias.com.ar\/diario\/wp-json\/wp\/v2\/posts\/2060\/revisions\/2062"}],"wp:featuredmedia":[{"embeddable":true,"href":"https:\/\/guiadenoticias.com.ar\/diario\/wp-json\/wp\/v2\/media\/2061"}],"wp:attachment":[{"href":"https:\/\/guiadenoticias.com.ar\/diario\/wp-json\/wp\/v2\/media?parent=2060"}],"wp:term":[{"taxonomy":"category","embeddable":true,"href":"https:\/\/guiadenoticias.com.ar\/diario\/wp-json\/wp\/v2\/categories?post=2060"},{"taxonomy":"post_tag","embeddable":true,"href":"https:\/\/guiadenoticias.com.ar\/diario\/wp-json\/wp\/v2\/tags?post=2060"}],"curies":[{"name":"wp","href":"https:\/\/api.w.org\/{rel}","templated":true}]}}