{"id":20603,"date":"2022-10-22T11:00:32","date_gmt":"2022-10-22T14:00:32","guid":{"rendered":"https:\/\/guiadenoticias.com.ar\/diario\/?p=20603"},"modified":"2022-10-31T03:39:10","modified_gmt":"2022-10-31T06:39:10","slug":"diego-espina-nos-sentimos-conducidos-y-nos-referenciamos-en-cfk","status":"publish","type":"post","link":"https:\/\/guiadenoticias.com.ar\/diario\/diego-espina-nos-sentimos-conducidos-y-nos-referenciamos-en-cfk\/","title":{"rendered":"Diego Espina: \u201cNos sentimos conducidos y nos referenciamos en CFK\u201d"},"content":{"rendered":"<p>El secretario de Obras y Servicios P\u00fablicos de Mor\u00f3n y secretario general en Buenos Aires de Nuevo Encuentro, Diego Espina, fue entrevistado en el programa Alta Data, mi\u00e9rcoles 16:30 horas por Class FM, ocasi\u00f3n en la cual opin\u00f3 sobre la coyuntura pol\u00edtica a nivel nacional y local.<\/p>\n<p><em>El 17 de octubre, en la plaza se escucharon cr\u00edticas p\u00fablicas de las organizaciones, al gobierno nacional del cual forman parte. \u00bfEsto debe ser un signo de alarma, de advertencia o un signo de que es una coalici\u00f3n que integran varios espacios?<\/em><\/p>\n<p>\u2014Es una mezcla de todas esas cosas, es que somos una coalici\u00f3n de gobierno, en el mundo no s\u00f3lo en Argentina, ganan y gobiernan coaliciones, no es m\u00e1s como antes que estaba la UCR o el Partido Justicialista. Hoy solemos ser grandes confluencias de organizaciones pol\u00edticas y sociales, que algunos representan como el caso de nuestro espacio, el Frente de Todos, un sentir m\u00e1s nacional, m\u00e1s popular; y otros m\u00e1s a la derecha, como ser\u00eda la coalici\u00f3n Cambiemos. Entonces siempre es m\u00e1s dif\u00edcil gobernar en coalici\u00f3n y manifestarse p\u00fablicamente, despu\u00e9s hay una puja de ideas dentro del movimiento nacional y dentro de nuestro espacio (\u2026)<\/p>\n<p><em>\u00bfEs necesario replantear la liturgia del peronismo, quiz\u00e1 con una renovaci\u00f3n?<\/em><\/p>\n<p>\u2014Nosotros, como espacio del Frente de Todos y consider\u00e1ndonos del movimiento nacional en Argentina, Nuevo Encuentro no es parte del Partido Justicialista, son nuestros hermanos mayores y son el espacio que conduce, de hecho, el PJ en la provincia de Buenos Aires est\u00e1 conducido por M\u00e1ximo Kirchner, con quien nosotros tenemos una extraordinaria construcci\u00f3n pol\u00edtica en conjunto. M\u00e1s all\u00e1 de las cuestiones de las liturgias, si corresponde o no, me parece que esto tiene que ver con cada organizaci\u00f3n pol\u00edtica. Yo no creo en que la modernizaci\u00f3n tenga que ver con dejar de reivindicar aquellas cosas en las que une cree en pol\u00edtica, est\u00e9 o no est\u00e9 de acuerdo la mayor\u00eda del conjunto de la sociedad, es decir yo reivindico la actividad pol\u00edtica, la militancia y la vida democr\u00e1tica, creo en los valores y en la posibilidad de expresarlo p\u00fablicamente.<\/p>\n<p><em>\u00bfDec\u00eds que hay que desdramatizar que existieron 3 o 4 actos? que eso en definitiva expresa algunos matices en el Frente de Todos<\/em><\/p>\n<p>\u2014Exactamente, eso digo y agrego, adem\u00e1s, que no por ser modernos o por convocar a las grandes mayor\u00edas, uno tiene que esconder c\u00f3mo somos, representamos distintas corrientes del pensamiento a lo largo de la historia nacional e internacional y se manifiesta p\u00fablicamente. Yo creo que verdaderamente hay que desdramatizarlo, obviamente los medios masivos de comunicaci\u00f3n dicen: \u201c\u00bfven? Peleas en el Gobierno, est\u00e1n todos divididos\u201d. Mucha m\u00e1s pelea hay en la derecha, Elisa Carri\u00f3 denunciando que fue perseguida durante el gobierno de Mauricio Macri. Macri diciendo que le parece bien la posibilidad de derechizar a su espacio a trav\u00e9s de Patricia Bullrich, los radicales que dicen que, si se derechizan y van con Patricia Bullrich o con Milei, ellos abandonan el espacio de Cambiemos. Es decir, la crisis que hay en la derecha en la Argentina es inaudita y los voceros de esa derecha reaccionaria y perversa, lo que hacen es poner el acento en el Frente de Todos, cuando tambi\u00e9n tenemos nuestros problemas, pero naturalizados, ellos quieren desnaturalizar los conflictos dentro del Frente de Todos y ocultar de manera perversa y manipuladora la cantidad de problemas que tiene adentro la derecha en la Argentina.<\/p>\n<p><em>\u00bfOcurri\u00f3 en la plaza el 17 de octubre una especie de clamor para que Cristina Fern\u00e1ndez de Kirchner eval\u00fae ser candidata el pr\u00f3ximo a\u00f1o?<\/em><\/p>\n<p>\u2014Ciertamente falta mucho para ese momento y la mayor\u00eda de las organizaciones que estuvimos en Plaza de Mayo nos sentimos conducidos y nos referenciamos en Cristina Fern\u00e1ndez de Kirchner, con lo cual es obvio que todo lo que nosotros queremos es que nuestra candidata a presidenta sea Cristina, pero el espacio del Frente de Todos puede tener otro candidato o candidata. Es lo mismo que pasa en la derecha, \u00bfpor qu\u00e9 nadie se alarma de las discusiones en Cambiemos acerca de si el candidato es el jefe de la Ciudad de Buenos Aires, si es Patricia Bullrich o si es Mauricio Macri? Ah\u00ed no pasa nada, ahora en nuestro espacio nosotros planteamos que nos gustar\u00eda Cristina u otros y ya se arma un esc\u00e1ndalo nacional, promocionado por los grandes medios de comunicaci\u00f3n, que es la r\u00e9plica de la concentraci\u00f3n en pocas manos de la diversidad de voces a partir de la concentraci\u00f3n econ\u00f3mica, digamos, los grupos medi\u00e1ticos y econ\u00f3micos implementan una cuesti\u00f3n discursiva en la sociedad argentina de manera masiva y lo replican.<\/p>\n<p><em>\u00bfEval\u00faas que la grieta sigue m\u00e1s vigente que nunca?<\/em><\/p>\n<p>\u2014La grieta fue un gran negocio pol\u00edtico, tambi\u00e9n desde lo comunicacional, porque en realidad siempre hubo dos miradas sobre esta Argentina, desde Unitarios y Federales, a lo largo de los 200 a\u00f1os hubo much\u00edsimas diferencias, no es lo mismo la representaci\u00f3n o la representatividad de los cabecitas negras o de los sectores medios a la incorporaci\u00f3n de la vida social argentina que representaron la concentraci\u00f3n econ\u00f3mica, eso existi\u00f3 siempre en nuestro pa\u00eds. Dio resultado la idea de grieta, que nosotros somos los que fomentamos la grieta, pero la verdad que nunca hubo lugar para la ancha avenida del medio, pero siempre los que terminan triunfando son dos polos de la pol\u00edtica, los que van hacia una mirada m\u00e1s nacional, popular, de izquierda, si se quiere progresista, y los que van m\u00e1s hacia la derecha, esa construcci\u00f3n es distinta a lo que planteaba Per\u00f3n con su movimiento policlasista, y hasta poli ideol\u00f3gico si se quiere, pero me parece que es una clarificaci\u00f3n de la pol\u00edtica del mundo, no es lo mismo Lula que Bolsonaro, no es lo mismo el actual presidente de Chile que los que representan Pinochet, o Evo Morales que la dictadora que hab\u00eda tomado el poder, y no es lo mismo el movimiento nacional en Argentina que la derecha, no es lo mismo Macri que Cristina, pero yo creo que un salto cualitativo ser\u00eda tener la capacidad de debatir sanamente las diferencias, de discutir de verdad, c\u00f3mo se hace para salir adelante en este pa\u00eds, c\u00f3mo bajamos la inflaci\u00f3n, c\u00f3mo incorporamos a la vida econ\u00f3mica a los sectores excluidos.<\/p>\n<p><em>Siguiendo la l\u00ednea econ\u00f3mica, \u00bfcu\u00e1nto ves que resta de padecimiento para ver la luz al final del camino?<\/em><\/p>\n<p>\u2014Esa es una gran inc\u00f3gnita de nuestro gobierno, por eso a veces tenemos ese sabor amargo acerca de lo que estamos haciendo, hab\u00edamos generado y a nosotros tambi\u00e9n, una expectativa de desarrollo econ\u00f3mico que se vio diezmado, la pandemia, cuatro a\u00f1os de Macrismo, recibimos el endeudamiento por los pr\u00f3ximos 100 a\u00f1os. Hay que bajar inmediatamente, lo m\u00e1s r\u00e1pido que se pueda, el proceso inflacionario, la inflaci\u00f3n se devora los salarios, la gente no llega a pagar el alquiler, no llega a fin de mes, te cuesta la ropa, la escuela, cuesta comer; entonces no s\u00e9 cu\u00e1nto faltar\u00e1, lo que estoy seguro es que si alguna posibilidad de que los sectores medios y populares en la Argentina vivan mejor de lo que est\u00e1n viviendo es a trav\u00e9s de un proyecto nacional y no a trav\u00e9s de lo que fue Macri, la derecha que lo que quieren es que reine el mercado, es esto de la meritocracia. Nosotros creemos que el Estado tiene que regular en la vida econ\u00f3mica de las sociedades para ser una sociedad m\u00e1s justa, y ellos creen que no, que todo depende de la meritocracia.<\/p>\n<p><em>En el \u00e1mbito distrital, \u00bfc\u00f3mo est\u00e1 el Sabbattelismo, el Frente de Todos?<\/em><\/p>\n<p>\u2014Como Frente de Todos en Mor\u00f3n estamos muy contentos porque logramos una coalici\u00f3n pol\u00edtica que hoy se traslada en una coalici\u00f3n de gobierno, lo cual no es sencillo; por primera vez en muchos a\u00f1os y despu\u00e9s de haber perdido 4 a\u00f1os en manos del macrismo y Ramiro Tagliaferro, vuelve a gobernar Lucas Ghi, la verdad que Nuevo Encuentro tiene un intendente, el Frente Renovador tiene la presidencia del Concejo Deliberante, otras organizaciones como La C\u00e1mpora tiene la presidencia del bloque, el presidente del Partido Justicialista, Claudio Rom\u00e1n, es el actual secretario de Gobierno, tenemos un espacio pol\u00edtico diverso, heterog\u00e9neo que se pudo consolidar, primero en la oposici\u00f3n y hoy en el gobierno.<\/p>\n<p>Tambi\u00e9n estamos contentos, nosotros fuimos una de las fuerzas pol\u00edticas que sufrimos los embates de la derecha, tras la primera navidad del macrismo, el 24 de diciembre tirando por la borda la Ley de Medios, entrando con la polic\u00eda de manera ilegal a lo que era el Afsca para echar a Mart\u00edn Sabbatella; nos persiguieron, difamaron, procesaron, perdimos el gobierno en Mor\u00f3n y sin embargo despu\u00e9s de 4 a\u00f1os volvimos a gobernar, lo cual es un hito muy importante con una estructura pol\u00edtica a lo largo y a lo ancho del pa\u00eds, del cual estamos orgullosos porque creemos que nuestro pa\u00eds se merece tener otras expresiones pol\u00edticas y ese peque\u00f1o granito de arena, nosotros creemos que lo representamos con Nuevo Encuentro.<\/p>\n","protected":false},"excerpt":{"rendered":"<p>El secretario de Obras y Servicios P\u00fablicos de Mor\u00f3n y secretario general en Buenos Aires de Nuevo Encuentro, Diego Espina, fue entrevistado en el programa Alta Data, mi\u00e9rcoles 16:30 horas por Class FM, ocasi\u00f3n en la cual opin\u00f3 sobre la coyuntura pol\u00edtica a nivel nacional y local. El 17 de octubre, en la plaza se [&hellip;]<\/p>\n","protected":false},"author":1,"featured_media":20605,"comment_status":"closed","ping_status":"closed","sticky":false,"template":"","format":"standard","meta":{"footnotes":""},"categories":[28,20,48],"tags":[104,73,93],"class_list":{"0":"post-20603","1":"post","2":"type-post","3":"status-publish","4":"format-standard","5":"has-post-thumbnail","7":"category-moron","8":"category-municipios","9":"category-politica-argentina","10":"tag-frente-de-todos","11":"tag-lucas-ghi","12":"tag-martin-sabbatella"},"aioseo_notices":[],"_links":{"self":[{"href":"https:\/\/guiadenoticias.com.ar\/diario\/wp-json\/wp\/v2\/posts\/20603","targetHints":{"allow":["GET"]}}],"collection":[{"href":"https:\/\/guiadenoticias.com.ar\/diario\/wp-json\/wp\/v2\/posts"}],"about":[{"href":"https:\/\/guiadenoticias.com.ar\/diario\/wp-json\/wp\/v2\/types\/post"}],"author":[{"embeddable":true,"href":"https:\/\/guiadenoticias.com.ar\/diario\/wp-json\/wp\/v2\/users\/1"}],"replies":[{"embeddable":true,"href":"https:\/\/guiadenoticias.com.ar\/diario\/wp-json\/wp\/v2\/comments?post=20603"}],"version-history":[{"count":1,"href":"https:\/\/guiadenoticias.com.ar\/diario\/wp-json\/wp\/v2\/posts\/20603\/revisions"}],"predecessor-version":[{"id":20606,"href":"https:\/\/guiadenoticias.com.ar\/diario\/wp-json\/wp\/v2\/posts\/20603\/revisions\/20606"}],"wp:featuredmedia":[{"embeddable":true,"href":"https:\/\/guiadenoticias.com.ar\/diario\/wp-json\/wp\/v2\/media\/20605"}],"wp:attachment":[{"href":"https:\/\/guiadenoticias.com.ar\/diario\/wp-json\/wp\/v2\/media?parent=20603"}],"wp:term":[{"taxonomy":"category","embeddable":true,"href":"https:\/\/guiadenoticias.com.ar\/diario\/wp-json\/wp\/v2\/categories?post=20603"},{"taxonomy":"post_tag","embeddable":true,"href":"https:\/\/guiadenoticias.com.ar\/diario\/wp-json\/wp\/v2\/tags?post=20603"}],"curies":[{"name":"wp","href":"https:\/\/api.w.org\/{rel}","templated":true}]}}