{"id":20630,"date":"2022-11-03T18:00:00","date_gmt":"2022-11-03T21:00:00","guid":{"rendered":"https:\/\/guiadenoticias.com.ar\/diario\/?p=20630"},"modified":"2022-11-16T01:52:48","modified_gmt":"2022-11-16T04:52:48","slug":"el-presidente-visito-el-procrear-de-el-palomar-y-la-cantabrica","status":"publish","type":"post","link":"https:\/\/guiadenoticias.com.ar\/diario\/el-presidente-visito-el-procrear-de-el-palomar-y-la-cantabrica\/","title":{"rendered":"El Presidente visit\u00f3 el Procrear de El Palomar y La Cant\u00e1brica"},"content":{"rendered":"<p>El presidente Alberto Fern\u00e1ndez visit\u00f3 Mor\u00f3n y junto con el intendente Lucas Ghi, el ministro de Desarrollo Territorial y H\u00e1bitat de la Naci\u00f3n, Santiago Maggiotti, y el ex intendente de Mor\u00f3n Mart\u00edn Sabbatella recorrieron las obras del complejo de viviendas del Procrear que se desarrolla en El Palomar. Tambi\u00e9n visitaron el Parque Industrial La Cant\u00e1brica en Haedo, que est\u00e1 en v\u00edas de ser ampliado para alojar a m\u00e1s empresas.<\/p>\n<p>En la localidad de El Palomar supervisaron las obras que se llevan adelante en el Desarrollo Urban\u00edstico de Barrio Gaona. El proyecto integral se enmarca en el Plan de Desarrollo Estrat\u00e9gico Urbano-Ambiental Mor\u00f3n 2030. Contempla un nuevo complejo de 534 viviendas Procrear, una Reserva Natural Urbana de 113 hect\u00e1reas y un espacio deportivo abierto a la comunidad.<\/p>\n<p>Los funcionarios fueron asimismo al Parque Industrial La Cant\u00e1brica que se encuentra en proceso de ampliaci\u00f3n para alojar a m\u00e1s empresas. Actualmente, el Parque est\u00e1 conformado por 40 empresas y da empleo a m\u00e1s de 2500 trabajadores y trabajadoras. La extensi\u00f3n del predio contempla la adquisici\u00f3n de 8 hect\u00e1reas, que hoy ya cuenta con 14 empresas preadjudicadas para 20 lotes. Adem\u00e1s, se prev\u00e9 la creaci\u00f3n de m\u00e1s de 1000 nuevos puestos de trabajo.<\/p>\n<p>La inversi\u00f3n para adecuar los terrenos y que las nuevas empresas se puedan instalar en el Parque Industrial municipal es de aproximadamente 700 millones de pesos.<\/p>\n","protected":false},"excerpt":{"rendered":"<p>El presidente Alberto Fern\u00e1ndez visit\u00f3 Mor\u00f3n y junto con el intendente Lucas Ghi, el ministro de Desarrollo Territorial y H\u00e1bitat de la Naci\u00f3n, Santiago Maggiotti, y el ex intendente de Mor\u00f3n Mart\u00edn Sabbatella recorrieron las obras del complejo de viviendas del Procrear que se desarrolla en El Palomar. Tambi\u00e9n visitaron el Parque Industrial La Cant\u00e1brica [&hellip;]<\/p>\n","protected":false},"author":1,"featured_media":20631,"comment_status":"closed","ping_status":"closed","sticky":false,"template":"","format":"standard","meta":{"footnotes":""},"categories":[70,28,20],"tags":[82,73,93],"class_list":{"0":"post-20630","1":"post","2":"type-post","3":"status-publish","4":"format-standard","5":"has-post-thumbnail","7":"category-las-mas-leidas","8":"category-moron","9":"category-municipios","10":"tag-alberto-fernandez","11":"tag-lucas-ghi","12":"tag-martin-sabbatella"},"aioseo_notices":[],"_links":{"self":[{"href":"https:\/\/guiadenoticias.com.ar\/diario\/wp-json\/wp\/v2\/posts\/20630","targetHints":{"allow":["GET"]}}],"collection":[{"href":"https:\/\/guiadenoticias.com.ar\/diario\/wp-json\/wp\/v2\/posts"}],"about":[{"href":"https:\/\/guiadenoticias.com.ar\/diario\/wp-json\/wp\/v2\/types\/post"}],"author":[{"embeddable":true,"href":"https:\/\/guiadenoticias.com.ar\/diario\/wp-json\/wp\/v2\/users\/1"}],"replies":[{"embeddable":true,"href":"https:\/\/guiadenoticias.com.ar\/diario\/wp-json\/wp\/v2\/comments?post=20630"}],"version-history":[{"count":1,"href":"https:\/\/guiadenoticias.com.ar\/diario\/wp-json\/wp\/v2\/posts\/20630\/revisions"}],"predecessor-version":[{"id":20632,"href":"https:\/\/guiadenoticias.com.ar\/diario\/wp-json\/wp\/v2\/posts\/20630\/revisions\/20632"}],"wp:featuredmedia":[{"embeddable":true,"href":"https:\/\/guiadenoticias.com.ar\/diario\/wp-json\/wp\/v2\/media\/20631"}],"wp:attachment":[{"href":"https:\/\/guiadenoticias.com.ar\/diario\/wp-json\/wp\/v2\/media?parent=20630"}],"wp:term":[{"taxonomy":"category","embeddable":true,"href":"https:\/\/guiadenoticias.com.ar\/diario\/wp-json\/wp\/v2\/categories?post=20630"},{"taxonomy":"post_tag","embeddable":true,"href":"https:\/\/guiadenoticias.com.ar\/diario\/wp-json\/wp\/v2\/tags?post=20630"}],"curies":[{"name":"wp","href":"https:\/\/api.w.org\/{rel}","templated":true}]}}