{"id":20650,"date":"2022-11-11T20:00:57","date_gmt":"2022-11-11T23:00:57","guid":{"rendered":"https:\/\/guiadenoticias.com.ar\/diario\/?p=20650"},"modified":"2022-11-20T20:31:59","modified_gmt":"2022-11-20T23:31:59","slug":"ghi-y-sileoni-mantuvieron-reuniones-con-vistas-al-ciclo-lectivo-2023","status":"publish","type":"post","link":"https:\/\/guiadenoticias.com.ar\/diario\/ghi-y-sileoni-mantuvieron-reuniones-con-vistas-al-ciclo-lectivo-2023\/","title":{"rendered":"Ghi y Sileoni mantuvieron reuniones con vistas al ciclo lectivo 2023"},"content":{"rendered":"<p>Ghi y Sileoni formaron parte de una mesa de trabajo en donde planificaron las inversiones y las obras para el a\u00f1o pr\u00f3ximo en los establecimientos educativos de la Comuna. Asimismo, el ministro bonaerense mantuvo un desayuno con directivos de establecimientos de Educaci\u00f3n Primaria en el cual evaluaron la implementaci\u00f3n, ya llevada a cabo en 5 escuelas de la regi\u00f3n, de la quinta hora de clase, y adelant\u00f3 que el a\u00f1o pr\u00f3ximo habr\u00e1 m\u00e1s escuelas que sumar\u00e1n a esta iniciativa.<\/p>\n<p>\u201cQueremos m\u00e1s chicos y chicas incluidos, aprendiendo, divirti\u00e9ndose, form\u00e1ndose, creciendo en las escuelas. Y para eso hace falta m\u00e1s inversi\u00f3n, m\u00e1s docentes, m\u00e1s auxiliares, m\u00e1s hombres y mujeres comprometidos con todo lo que implica la vida pedag\u00f3gica\u201d, sostuvo el intendente. Adem\u00e1s, adelant\u00f3 que para el ciclo lectivo 2023 habr\u00e1 \u201cescuelas que implementar\u00e1n la quinta hora y otras que ir\u00e1n a la doble jornadas\u201d.<\/p>\n<p>En una reuni\u00f3n en el Sal\u00f3n Mariano Moreno del Palacio Municipal abordaron la importancia de la formaci\u00f3n, el di\u00e1logo y debate sobre la Educaci\u00f3n Sexual Integral (ESI). En la jornada se enfatiz\u00f3 en el trabajo articulado de equipos escolares, docentes, directivos, junto con el municipio y el gobierno provincial. Tambi\u00e9n evaluaron las capacitaciones masivas en la tem\u00e1tica que se llevan adelante en el distrito, para fortalecer la implementaci\u00f3n de la ESI en todas las instituciones educativas.<\/p>\n<p>Cabe mencionar que la sanci\u00f3n de la ley de Educaci\u00f3n Sexual Integral en 2006 implica que el Estado se compromete a garantizar el derecho que tienen los ni\u00f1os, las ni\u00f1as y j\u00f3venes a contar con conocimiento cient\u00edfico, v\u00e1lido, actualizado sobre sexualidad que les permita vivir una vida m\u00e1s plena y m\u00e1s digna.<\/p>\n<p>Adem\u00e1s, abordaron diversas pol\u00edticas p\u00fablicas municipales vinculadas con la salud y la educaci\u00f3n sexual como es el Programa Menstruar que, adem\u00e1s de la entrega gratuita de productos de gesti\u00f3n menstrual, tambi\u00e9n implica brindar informaci\u00f3n y asesoramiento sobre m\u00e9todos anticonceptivos saludables.<\/p>\n<p>Durante el ciclo lectivo 2022 se inici\u00f3, junto con la Universidad Nacional de Hurlingham (UNAHUR), el dictado de materias de algunas carreras en espacios municipales. La iniciativa forma parte del proyecto del Centro Interuniversitario que permitir\u00e1 a los vecinos y vecinas de Mor\u00f3n acceder a la educaci\u00f3n superior m\u00e1s cerca de sus casas.<\/p>\n<p>\u201cTenemos una propuesta de educaci\u00f3n superior que trabajamos con la Provincia y con Naci\u00f3n, que es el Centro Interuniversitario que pr\u00f3ximamente estar\u00e1 dando sus primeros pasos\u201d, agreg\u00f3 Ghi.<\/p>\n","protected":false},"excerpt":{"rendered":"<p>Ghi y Sileoni formaron parte de una mesa de trabajo en donde planificaron las inversiones y las obras para el a\u00f1o pr\u00f3ximo en los establecimientos educativos de la Comuna. Asimismo, el ministro bonaerense mantuvo un desayuno con directivos de establecimientos de Educaci\u00f3n Primaria en el cual evaluaron la implementaci\u00f3n, ya llevada a cabo en 5 [&hellip;]<\/p>\n","protected":false},"author":1,"featured_media":20651,"comment_status":"closed","ping_status":"closed","sticky":false,"template":"","format":"standard","meta":{"footnotes":""},"categories":[70,28,20],"tags":[131,73],"class_list":{"0":"post-20650","1":"post","2":"type-post","3":"status-publish","4":"format-standard","5":"has-post-thumbnail","7":"category-las-mas-leidas","8":"category-moron","9":"category-municipios","10":"tag-educacion","11":"tag-lucas-ghi"},"aioseo_notices":[],"_links":{"self":[{"href":"https:\/\/guiadenoticias.com.ar\/diario\/wp-json\/wp\/v2\/posts\/20650","targetHints":{"allow":["GET"]}}],"collection":[{"href":"https:\/\/guiadenoticias.com.ar\/diario\/wp-json\/wp\/v2\/posts"}],"about":[{"href":"https:\/\/guiadenoticias.com.ar\/diario\/wp-json\/wp\/v2\/types\/post"}],"author":[{"embeddable":true,"href":"https:\/\/guiadenoticias.com.ar\/diario\/wp-json\/wp\/v2\/users\/1"}],"replies":[{"embeddable":true,"href":"https:\/\/guiadenoticias.com.ar\/diario\/wp-json\/wp\/v2\/comments?post=20650"}],"version-history":[{"count":1,"href":"https:\/\/guiadenoticias.com.ar\/diario\/wp-json\/wp\/v2\/posts\/20650\/revisions"}],"predecessor-version":[{"id":20652,"href":"https:\/\/guiadenoticias.com.ar\/diario\/wp-json\/wp\/v2\/posts\/20650\/revisions\/20652"}],"wp:featuredmedia":[{"embeddable":true,"href":"https:\/\/guiadenoticias.com.ar\/diario\/wp-json\/wp\/v2\/media\/20651"}],"wp:attachment":[{"href":"https:\/\/guiadenoticias.com.ar\/diario\/wp-json\/wp\/v2\/media?parent=20650"}],"wp:term":[{"taxonomy":"category","embeddable":true,"href":"https:\/\/guiadenoticias.com.ar\/diario\/wp-json\/wp\/v2\/categories?post=20650"},{"taxonomy":"post_tag","embeddable":true,"href":"https:\/\/guiadenoticias.com.ar\/diario\/wp-json\/wp\/v2\/tags?post=20650"}],"curies":[{"name":"wp","href":"https:\/\/api.w.org\/{rel}","templated":true}]}}