{"id":20670,"date":"2022-11-15T11:00:55","date_gmt":"2022-11-15T14:00:55","guid":{"rendered":"https:\/\/guiadenoticias.com.ar\/diario\/?p=20670"},"modified":"2022-11-24T03:41:14","modified_gmt":"2022-11-24T06:41:14","slug":"ghi-y-katopodis-recorrieron-obras-en-moron-2","status":"publish","type":"post","link":"https:\/\/guiadenoticias.com.ar\/diario\/ghi-y-katopodis-recorrieron-obras-en-moron-2\/","title":{"rendered":"Ghi y Katopodis recorrieron obras en Mor\u00f3n"},"content":{"rendered":"<p>El intendente de Mor\u00f3n, Lucas Ghi, y el ministro de Obras P\u00fablicas de la Naci\u00f3n, Gabriel Katopodis, recorrieron dos obras que se llevan adelante en el distrito. Por un lado la construcci\u00f3n del futuro Centro Territorial de Pol\u00edticas de G\u00e9neros y Diversidad, que estar\u00e1 ubicado en la calle Granada, entre La Tribuna y Alcorta, en Barrio Ser\u00e9. Estar\u00e1 dedicado al abordaje de las violencias por razones de g\u00e9nero y ser\u00e1 un nuevo espacio donde se desarrollar\u00e1n distintas actividades, como capacitaciones sobre la tem\u00e1tica.<\/p>\n<p>El Centro tendr\u00e1 una dimensi\u00f3n estimada de 600 metros cuadrados y facilitar\u00e1 el acceso a distintas pol\u00edticas p\u00fablicas para las mujeres y la comunidad LGBTI+ de toda la regi\u00f3n. All\u00ed se desarrollar\u00e1n acciones y programas bajo la \u00f3rbita de la Secretar\u00eda de Mujeres, G\u00e9neros, Diversidad y Derechos Humanos municipal, del ministerio nacional y la provincia de Buenos Aires.<\/p>\n<p>Al respecto Katopodis destac\u00f3 que \u201chay una agenda de obras importante en Mor\u00f3n, que lleva adelante el intendente en cada barrio. Es uno de los primeros municipios en tener una agenda de trabajo con perspectiva de g\u00e9nero y la realidad es que la obra p\u00fablica tanto en el pa\u00eds como en Mor\u00f3n, es una palanca que empuja la econom\u00eda, genera empleo y mejora calidad de vida\u201d.<\/p>\n<p>Entre las acciones que se implementar\u00e1n en el nuevo espacio, se encuentran la facilitaci\u00f3n de acceso al mercado laboral y el desarrollo de capacitaciones para operadores y operadoras para prevenir la violencia de g\u00e9nero. Tambi\u00e9n habr\u00e1 \u00e1mbitos de participaci\u00f3n ciudadana y se llevar\u00e1n adelante acciones para facilitar el acceso a la cultura y el deporte, entre varias actividades.<\/p>\n<p>Este proyecto se integra al desarrollo urban\u00edstico que el municipio realiz\u00f3 en esta zona de Castelar sur, junto con el Estado nacional, que cuenta con un complejo habitacional del Procrear, la Reserva Natural Urbana de Mor\u00f3n y nuevos espacios de recreaci\u00f3n y esparcimiento.<\/p>\n<p>Por otra parte, Ghi y Katopodis recorrieron los avances de la obra de remodelaci\u00f3n integral en la calle Ag\u00fcero, que permitir\u00e1 la renovaci\u00f3n de todo el entorno urbano y redundar\u00e1 en mayor seguridad y fluidez al tr\u00e1nsito.<\/p>\n<p>Dentro de los trabajos se encuentran las tareas de bacheo y repavimentaci\u00f3n, la mejora y construcci\u00f3n de sumideros, la renovaci\u00f3n de toda la se\u00f1alizaci\u00f3n vial, veredas y construcci\u00f3n de rampas para peatones con movilidad reducida. Adem\u00e1s, del recambio lum\u00ednico a lo largo de toda la traza y el reacondicionamiento del sistema de sem\u00e1foros que tiene la avenida. Esta obra est\u00e1 contemplada en el plan de reconversi\u00f3n de corredores estrat\u00e9gicos y se extiende desde Charcas hasta Belgrano, en Mor\u00f3n sur.<\/p>\n<p>En ese sentido, Ghi expres\u00f3, \u201csabemos que las demandas de nuestra comunidad son bien concretas, que tienen que ver con mejores servicios y de mayor calidad. Esto implica una decisi\u00f3n pol\u00edtica de dar respuesta y destinar los recursos que sean necesarios\u201d, y agreg\u00f3 que \u201cel nivel de inversi\u00f3n p\u00fablica que hace la Naci\u00f3n en todo el pa\u00eds y obviamente en Mor\u00f3n, nos permite tener abiertos hoy en nuestro distrito m\u00e1s de 20 frentes de obras, s\u00f3lo con el ministerio que conduce Gabriel (Katopodis). Eso son soluciones, transformaciones urbanas, que generan nuevas realidades sociales y a su vez un fant\u00e1stico agente dinamizador del mercado interno\u201d.<\/p>\n","protected":false},"excerpt":{"rendered":"<p>El intendente de Mor\u00f3n, Lucas Ghi, y el ministro de Obras P\u00fablicas de la Naci\u00f3n, Gabriel Katopodis, recorrieron dos obras que se llevan adelante en el distrito. Por un lado la construcci\u00f3n del futuro Centro Territorial de Pol\u00edticas de G\u00e9neros y Diversidad, que estar\u00e1 ubicado en la calle Granada, entre La Tribuna y Alcorta, en [&hellip;]<\/p>\n","protected":false},"author":1,"featured_media":20671,"comment_status":"closed","ping_status":"closed","sticky":false,"template":"","format":"standard","meta":{"footnotes":""},"categories":[70,28,20],"tags":[85,73,144],"class_list":{"0":"post-20670","1":"post","2":"type-post","3":"status-publish","4":"format-standard","5":"has-post-thumbnail","7":"category-las-mas-leidas","8":"category-moron","9":"category-municipios","10":"tag-gabriel-katopodis","11":"tag-lucas-ghi","12":"tag-obras-publicas"},"aioseo_notices":[],"_links":{"self":[{"href":"https:\/\/guiadenoticias.com.ar\/diario\/wp-json\/wp\/v2\/posts\/20670","targetHints":{"allow":["GET"]}}],"collection":[{"href":"https:\/\/guiadenoticias.com.ar\/diario\/wp-json\/wp\/v2\/posts"}],"about":[{"href":"https:\/\/guiadenoticias.com.ar\/diario\/wp-json\/wp\/v2\/types\/post"}],"author":[{"embeddable":true,"href":"https:\/\/guiadenoticias.com.ar\/diario\/wp-json\/wp\/v2\/users\/1"}],"replies":[{"embeddable":true,"href":"https:\/\/guiadenoticias.com.ar\/diario\/wp-json\/wp\/v2\/comments?post=20670"}],"version-history":[{"count":1,"href":"https:\/\/guiadenoticias.com.ar\/diario\/wp-json\/wp\/v2\/posts\/20670\/revisions"}],"predecessor-version":[{"id":20672,"href":"https:\/\/guiadenoticias.com.ar\/diario\/wp-json\/wp\/v2\/posts\/20670\/revisions\/20672"}],"wp:featuredmedia":[{"embeddable":true,"href":"https:\/\/guiadenoticias.com.ar\/diario\/wp-json\/wp\/v2\/media\/20671"}],"wp:attachment":[{"href":"https:\/\/guiadenoticias.com.ar\/diario\/wp-json\/wp\/v2\/media?parent=20670"}],"wp:term":[{"taxonomy":"category","embeddable":true,"href":"https:\/\/guiadenoticias.com.ar\/diario\/wp-json\/wp\/v2\/categories?post=20670"},{"taxonomy":"post_tag","embeddable":true,"href":"https:\/\/guiadenoticias.com.ar\/diario\/wp-json\/wp\/v2\/tags?post=20670"}],"curies":[{"name":"wp","href":"https:\/\/api.w.org\/{rel}","templated":true}]}}