{"id":20732,"date":"2022-11-30T20:00:55","date_gmt":"2022-11-30T23:00:55","guid":{"rendered":"https:\/\/guiadenoticias.com.ar\/diario\/?p=20732"},"modified":"2022-12-14T22:50:37","modified_gmt":"2022-12-15T01:50:37","slug":"moreira-y-katopodis-recorrieron-la-obra-del-nuevo-centro-cultural-de-ballester","status":"publish","type":"post","link":"https:\/\/guiadenoticias.com.ar\/diario\/moreira-y-katopodis-recorrieron-la-obra-del-nuevo-centro-cultural-de-ballester\/","title":{"rendered":"Moreira y Katopodis recorrieron la obra del nuevo Centro Cultural de Ballester"},"content":{"rendered":"<p>El intendente de San Mart\u00edn, Fernando Moreira, y el ministro de Obras P\u00fablicas de la Naci\u00f3n, Gabriel Katopodis, visitaron las obras del nuevo Centro Cultural de Villa Ballester, que se construye en el hist\u00f3rico edificio de Telecom de la calle Vicente L\u00f3pez y fue recuperado por el municipio para ampliar la oferta cultural.<\/p>\n<p>Durante la recorrida, el jefe comunal destac\u00f3: \u201cHacemos una puesta en valor en este lugar que fue una f\u00e1brica textil, qued\u00f3 abandonado y en poco tiempo estar\u00e1 abierto para la comunidad con actividades de calidad, en un barrio que es cuna de grandes artistas\u201d.<\/p>\n<p>Y agreg\u00f3, \u201ces una obra m\u00e1s de nuestro Plan Estrat\u00e9gico, que llevamos adelante con financiamiento del Ministerio de Obras P\u00fablicas de la Naci\u00f3n, para seguir recuperando espacios hist\u00f3ricos y transformarlos en lugares de encuentro de las vecinas y los vecinos\u201d.<\/p>\n<p>La construcci\u00f3n comenz\u00f3 este a\u00f1o y consiste en la remodelaci\u00f3n integral del edificio. En estos momentos se avanza con la primera etapa, que incluye las salas de exposiciones, aulas para realizar talleres y actividades art\u00edsticas; cocina, oficinas administrativas, ba\u00f1os para personas con discapacidad, un ascensor para facilitar la movilidad entre las dos plantas del edificio y la sala de m\u00e1quinas, que ya est\u00e1 terminada.<\/p>\n<p>Adem\u00e1s, se trabaja en los cielorrasos y la construcci\u00f3n del nuevo acceso, con el objetivo que todos los espacios del edificio sean luminosos. En la segunda etapa construir\u00e1n un auditorio con escenarios y camarines, una cafeter\u00eda con jard\u00edn en la terraza y un espacio al aire libre para compartir distintas propuestas abiertas al p\u00fablico.<\/p>\n","protected":false},"excerpt":{"rendered":"<p>El intendente de San Mart\u00edn, Fernando Moreira, y el ministro de Obras P\u00fablicas de la Naci\u00f3n, Gabriel Katopodis, visitaron las obras del nuevo Centro Cultural de Villa Ballester, que se construye en el hist\u00f3rico edificio de Telecom de la calle Vicente L\u00f3pez y fue recuperado por el municipio para ampliar la oferta cultural. Durante la [&hellip;]<\/p>\n","protected":false},"author":1,"featured_media":20737,"comment_status":"closed","ping_status":"closed","sticky":false,"template":"","format":"standard","meta":{"footnotes":""},"categories":[50,70,20,24],"tags":[74,85,144],"class_list":{"0":"post-20732","1":"post","2":"type-post","3":"status-publish","4":"format-standard","5":"has-post-thumbnail","7":"category-cultura","8":"category-las-mas-leidas","9":"category-municipios","10":"category-san-martin","11":"tag-fernando-moreira","12":"tag-gabriel-katopodis","13":"tag-obras-publicas"},"aioseo_notices":[],"_links":{"self":[{"href":"https:\/\/guiadenoticias.com.ar\/diario\/wp-json\/wp\/v2\/posts\/20732","targetHints":{"allow":["GET"]}}],"collection":[{"href":"https:\/\/guiadenoticias.com.ar\/diario\/wp-json\/wp\/v2\/posts"}],"about":[{"href":"https:\/\/guiadenoticias.com.ar\/diario\/wp-json\/wp\/v2\/types\/post"}],"author":[{"embeddable":true,"href":"https:\/\/guiadenoticias.com.ar\/diario\/wp-json\/wp\/v2\/users\/1"}],"replies":[{"embeddable":true,"href":"https:\/\/guiadenoticias.com.ar\/diario\/wp-json\/wp\/v2\/comments?post=20732"}],"version-history":[{"count":1,"href":"https:\/\/guiadenoticias.com.ar\/diario\/wp-json\/wp\/v2\/posts\/20732\/revisions"}],"predecessor-version":[{"id":20733,"href":"https:\/\/guiadenoticias.com.ar\/diario\/wp-json\/wp\/v2\/posts\/20732\/revisions\/20733"}],"wp:featuredmedia":[{"embeddable":true,"href":"https:\/\/guiadenoticias.com.ar\/diario\/wp-json\/wp\/v2\/media\/20737"}],"wp:attachment":[{"href":"https:\/\/guiadenoticias.com.ar\/diario\/wp-json\/wp\/v2\/media?parent=20732"}],"wp:term":[{"taxonomy":"category","embeddable":true,"href":"https:\/\/guiadenoticias.com.ar\/diario\/wp-json\/wp\/v2\/categories?post=20732"},{"taxonomy":"post_tag","embeddable":true,"href":"https:\/\/guiadenoticias.com.ar\/diario\/wp-json\/wp\/v2\/tags?post=20732"}],"curies":[{"name":"wp","href":"https:\/\/api.w.org\/{rel}","templated":true}]}}