{"id":20772,"date":"2022-12-11T20:00:54","date_gmt":"2022-12-11T23:00:54","guid":{"rendered":"https:\/\/guiadenoticias.com.ar\/diario\/?p=20772"},"modified":"2022-12-14T22:48:31","modified_gmt":"2022-12-15T01:48:31","slug":"liberaron-dos-caballos-a-cambio-de-una-moto-electrica","status":"publish","type":"post","link":"https:\/\/guiadenoticias.com.ar\/diario\/liberaron-dos-caballos-a-cambio-de-una-moto-electrica\/","title":{"rendered":"Liberaron dos caballos a cambio de una moto el\u00e9ctrica"},"content":{"rendered":"<p>Contin\u00faa la eliminaci\u00f3n de la tracci\u00f3n a sangre en San Fernando. En ese sentido, un vecino intercambi\u00f3 su yegua \u2013\u201cPetisa\u201d- y a su potrillo \u2013\u201cBandido\u201d- por una nueva moto el\u00e9ctrica con la que podr\u00e1 seguir trabajando; en tanto, los animales ir\u00e1n al Centro de Rescate y Rehabilitaci\u00f3n Equino (CRRC) donde tendr\u00e1n una mejor vida y estar\u00e1 cuidado.<\/p>\n<p>El intendente Juan Andreotti, quien acompa\u00f1\u00f3 el momento del intercambio, expres\u00f3: \u201cNos reunimos nuevamente para liberar a dos caballos. Agradezco a Antonio por entender, comprender y pensar en sus caballos, permiti\u00e9ndoles una mejor calidad de vida. Hoy recuperan su libertad yendo a un predio muy grande en Escobar, donde vivir\u00e1n libremente\u201d.<\/p>\n<p>\u201cEsto es un d\u00eda a d\u00eda de concientizarnos que los animales son seres sintientes; tenemos que pensar en ellos y trabajar entre todos los vecinos y vecinas para cuidarlos. Es una alegr\u00eda que avancemos con este programa\u201d, concluy\u00f3 el jefe comunal.<\/p>\n<p>Y Santiago Aparicio, presidente del Concejo Deliberante, agreg\u00f3: \u201cEs una alegr\u00eda aplicar la Ordenanza sobre Tracci\u00f3n a Sangre que mand\u00f3 el intendente al HCD de San Fernando y fue votada por unanimidad hace dos meses. Gracias a ella y a la decisi\u00f3n pol\u00edtica, otro caballo m\u00e1s gana su libertad despu\u00e9s de tirar del carro durante 12 a\u00f1os. La \u2018Petisa\u2019 y su potrillo de 20 d\u00edas \u2018Bandido\u2019, el nombre que le puso Antonio, recuperan su libertad\u201d.<\/p>\n<p>Adem\u00e1s, se\u00f1al\u00f3 que \u201cAntonio cedi\u00f3 los dos caballos para que \u2018Bandido\u2019 desde chiquito tenga la libertad que merece. Hoy vinieron dos proteccionistas a acompa\u00f1ar tambi\u00e9n, con los que trabajamos en conjunto a la vanguardia para que cada animal tenga el tratamiento que se merece. Lo m\u00e1s importante de todo esto, aparte de una vida mejor para los caballos, es que a cada persona que trabajaba con su carro le damos la posibilidad de tener un carro el\u00e9ctrico para que siga trabajando y llevar el alimento a su familia\u201d.<\/p>\n<p>Y el vecino que entreg\u00f3 su caballo, Antonio Pereira, dijo, \u201centrego mi carro y mi caballo que se va en libertad por lo que hizo el municipio que nos da un carro el\u00e9ctrico. Me parece bien que los caballos se vayan en libertad y que descansen bien cuidados. Tengo a Petisa hace 8 a\u00f1os, tuvo cr\u00eda hace 20 d\u00edas. Duele en el alma entregarlo, pero van a estar mejor\u201d.<\/p>\n<p>\u201cMe gusta la moto, es m\u00e1s r\u00e1pida, pero ir\u00e9 de a poco. Desde chico juntaba chatarra, vend\u00ed leche, huevos, verdura, siempre a caballo. Me gust\u00f3 la propuesta del municipio, por eso vine y don\u00e9 el caballo, que va a estar bien cuidado porque conozco hace a\u00f1os a la gente que se lo lleva\u201d, finaliz\u00f3 Antonio.<\/p>\n","protected":false},"excerpt":{"rendered":"<p>Contin\u00faa la eliminaci\u00f3n de la tracci\u00f3n a sangre en San Fernando. En ese sentido, un vecino intercambi\u00f3 su yegua \u2013\u201cPetisa\u201d- y a su potrillo \u2013\u201cBandido\u201d- por una nueva moto el\u00e9ctrica con la que podr\u00e1 seguir trabajando; en tanto, los animales ir\u00e1n al Centro de Rescate y Rehabilitaci\u00f3n Equino (CRRC) donde tendr\u00e1n una mejor vida y [&hellip;]<\/p>\n","protected":false},"author":1,"featured_media":20773,"comment_status":"closed","ping_status":"closed","sticky":false,"template":"","format":"standard","meta":{"footnotes":""},"categories":[203,20],"tags":[76],"class_list":{"0":"post-20772","1":"post","2":"type-post","3":"status-publish","4":"format-standard","5":"has-post-thumbnail","7":"category-ambiente","8":"category-municipios","9":"tag-juan-andreotti"},"aioseo_notices":[],"_links":{"self":[{"href":"https:\/\/guiadenoticias.com.ar\/diario\/wp-json\/wp\/v2\/posts\/20772","targetHints":{"allow":["GET"]}}],"collection":[{"href":"https:\/\/guiadenoticias.com.ar\/diario\/wp-json\/wp\/v2\/posts"}],"about":[{"href":"https:\/\/guiadenoticias.com.ar\/diario\/wp-json\/wp\/v2\/types\/post"}],"author":[{"embeddable":true,"href":"https:\/\/guiadenoticias.com.ar\/diario\/wp-json\/wp\/v2\/users\/1"}],"replies":[{"embeddable":true,"href":"https:\/\/guiadenoticias.com.ar\/diario\/wp-json\/wp\/v2\/comments?post=20772"}],"version-history":[{"count":1,"href":"https:\/\/guiadenoticias.com.ar\/diario\/wp-json\/wp\/v2\/posts\/20772\/revisions"}],"predecessor-version":[{"id":20774,"href":"https:\/\/guiadenoticias.com.ar\/diario\/wp-json\/wp\/v2\/posts\/20772\/revisions\/20774"}],"wp:featuredmedia":[{"embeddable":true,"href":"https:\/\/guiadenoticias.com.ar\/diario\/wp-json\/wp\/v2\/media\/20773"}],"wp:attachment":[{"href":"https:\/\/guiadenoticias.com.ar\/diario\/wp-json\/wp\/v2\/media?parent=20772"}],"wp:term":[{"taxonomy":"category","embeddable":true,"href":"https:\/\/guiadenoticias.com.ar\/diario\/wp-json\/wp\/v2\/categories?post=20772"},{"taxonomy":"post_tag","embeddable":true,"href":"https:\/\/guiadenoticias.com.ar\/diario\/wp-json\/wp\/v2\/tags?post=20772"}],"curies":[{"name":"wp","href":"https:\/\/api.w.org\/{rel}","templated":true}]}}