{"id":20783,"date":"2022-12-07T19:00:42","date_gmt":"2022-12-07T22:00:42","guid":{"rendered":"https:\/\/guiadenoticias.com.ar\/diario\/?p=20783"},"modified":"2022-12-14T23:20:19","modified_gmt":"2022-12-15T02:20:19","slug":"inauguracion-de-un-nuevo-mural-por-la-inclusion","status":"publish","type":"post","link":"https:\/\/guiadenoticias.com.ar\/diario\/inauguracion-de-un-nuevo-mural-por-la-inclusion\/","title":{"rendered":"Inauguraci\u00f3n de un nuevo Mural por la Inclusi\u00f3n"},"content":{"rendered":"<p>La intendenta de Vicente L\u00f3pez, Soledad Mart\u00ednez, particip\u00f3 de la inauguraci\u00f3n del quinto Mural por la Inclusi\u00f3n junto con vecinos, en la Plaza Vienni.<\/p>\n<p><strong>Es un proyecto comunitario que se realiza junto con personas con y sin discapacidad, vecinos y entidades del distrito. El objetivo es crear un mural para cada uno de los barrios de Vicente L\u00f3pez como forma de concientizar sobre la inclusi\u00f3n.<\/strong><\/p>\n<p>A lo largo de distintas jornadas se confeccionaron las piezas y luego fueron colocadas de forma participativa junto a los vecinos de la zona. Luego de la inauguraci\u00f3n hubo un show de teatro y m\u00fasica.<\/p>\n<p>Este espacio en la Plaza Vienni forma parte del cierre de las actividades por la semana de la inclusi\u00f3n. El 3 de diciembre se celebra el D\u00eda Internacional de las Personas con Discapacidad con el objetivo de promover sus derechos y bienestar.<\/p>\n","protected":false},"excerpt":{"rendered":"<p>La intendenta de Vicente L\u00f3pez, Soledad Mart\u00ednez, particip\u00f3 de la inauguraci\u00f3n del quinto Mural por la Inclusi\u00f3n junto con vecinos, en la Plaza Vienni. Es un proyecto comunitario que se realiza junto con personas con y sin discapacidad, vecinos y entidades del distrito. El objetivo es crear un mural para cada uno de los barrios [&hellip;]<\/p>\n","protected":false},"author":1,"featured_media":20784,"comment_status":"closed","ping_status":"closed","sticky":false,"template":"","format":"standard","meta":{"footnotes":""},"categories":[20,25],"tags":[240,176],"class_list":{"0":"post-20783","1":"post","2":"type-post","3":"status-publish","4":"format-standard","5":"has-post-thumbnail","7":"category-municipios","8":"category-vicente-lopez","9":"tag-inclusion","10":"tag-soledad-martinez"},"aioseo_notices":[],"_links":{"self":[{"href":"https:\/\/guiadenoticias.com.ar\/diario\/wp-json\/wp\/v2\/posts\/20783","targetHints":{"allow":["GET"]}}],"collection":[{"href":"https:\/\/guiadenoticias.com.ar\/diario\/wp-json\/wp\/v2\/posts"}],"about":[{"href":"https:\/\/guiadenoticias.com.ar\/diario\/wp-json\/wp\/v2\/types\/post"}],"author":[{"embeddable":true,"href":"https:\/\/guiadenoticias.com.ar\/diario\/wp-json\/wp\/v2\/users\/1"}],"replies":[{"embeddable":true,"href":"https:\/\/guiadenoticias.com.ar\/diario\/wp-json\/wp\/v2\/comments?post=20783"}],"version-history":[{"count":1,"href":"https:\/\/guiadenoticias.com.ar\/diario\/wp-json\/wp\/v2\/posts\/20783\/revisions"}],"predecessor-version":[{"id":20785,"href":"https:\/\/guiadenoticias.com.ar\/diario\/wp-json\/wp\/v2\/posts\/20783\/revisions\/20785"}],"wp:featuredmedia":[{"embeddable":true,"href":"https:\/\/guiadenoticias.com.ar\/diario\/wp-json\/wp\/v2\/media\/20784"}],"wp:attachment":[{"href":"https:\/\/guiadenoticias.com.ar\/diario\/wp-json\/wp\/v2\/media?parent=20783"}],"wp:term":[{"taxonomy":"category","embeddable":true,"href":"https:\/\/guiadenoticias.com.ar\/diario\/wp-json\/wp\/v2\/categories?post=20783"},{"taxonomy":"post_tag","embeddable":true,"href":"https:\/\/guiadenoticias.com.ar\/diario\/wp-json\/wp\/v2\/tags?post=20783"}],"curies":[{"name":"wp","href":"https:\/\/api.w.org\/{rel}","templated":true}]}}