{"id":20795,"date":"2022-12-14T10:00:11","date_gmt":"2022-12-14T13:00:11","guid":{"rendered":"https:\/\/guiadenoticias.com.ar\/diario\/?p=20795"},"modified":"2022-12-21T02:42:48","modified_gmt":"2022-12-21T05:42:48","slug":"valenzuela-cierra-el-ano-elegido-como-mejor-intendente-del-conurbano","status":"publish","type":"post","link":"https:\/\/guiadenoticias.com.ar\/diario\/valenzuela-cierra-el-ano-elegido-como-mejor-intendente-del-conurbano\/","title":{"rendered":"Valenzuela cierra el a\u00f1o elegido como mejor intendente del Conurbano"},"content":{"rendered":"<p>Diego Valenzuela, intendente de Tres de Febrero, que ya lleva siete a\u00f1os de gesti\u00f3n, se encuentra primero entre los l\u00edderes del Conurbano, seg\u00fan una encuesta de CB consultora. Obtuvo un diferencial positivo del 39,7%; en ese sentido asegur\u00f3: \u201cSiento gratificaci\u00f3n luego de tantos a\u00f1os trabajando por mejorar cada \u00e1rea del distrito. Este reconocimiento por parte de los bonaerenses es una gran motivaci\u00f3n de cara al a\u00f1o que viene\u201d.<\/p>\n<p>Con vistas a las elecciones generales de 2023, el jefe comunal obtuvo una imagen positiva del 68,4% y un porcentaje negativo del 29%. En el ranking lo acompa\u00f1an Juan Jos\u00e9 Mussi (Frente de Todos) de Berazategui, con un 67,3%; y Juan Zabaleta (FdT), de Hurlingham, con 67,2%. \u201cSeguir\u00e9 trabajando todos los d\u00edas por un Tres de Febrero mejor para cada uno de los vecinos y vecinas, quiero que esta transformaci\u00f3n que llevamos adelante se pueda replicar en la Provincia\u201d, destac\u00f3.<\/p>\n<p>Por otra parte, entre las peores valoraciones por parte de los habitantes de Buenos Aires se encuentran Juan Fabiani (Frente de Todos), con 33,6%, Mario Ishii (FdT), con 52,3% y Fernando Espinoza (Frente de Todos), con un 53,4%.<\/p>\n<p>La encuesta fue elaborada a partir de un relevamiento entre 24 municipios del Gran Buenos Aires con un total de 18.901 casos (promedio 660 &#8211; 858 personas por distrito). Se realiz\u00f3 entre el 1 y el 4 de diciembre y los resultados presentaron +\/- 3,1% de margen de error.<\/p>\n","protected":false},"excerpt":{"rendered":"<p>Diego Valenzuela, intendente de Tres de Febrero, que ya lleva siete a\u00f1os de gesti\u00f3n, se encuentra primero entre los l\u00edderes del Conurbano, seg\u00fan una encuesta de CB consultora. Obtuvo un diferencial positivo del 39,7%; en ese sentido asegur\u00f3: \u201cSiento gratificaci\u00f3n luego de tantos a\u00f1os trabajando por mejorar cada \u00e1rea del distrito. Este reconocimiento por parte [&hellip;]<\/p>\n","protected":false},"author":1,"featured_media":20796,"comment_status":"closed","ping_status":"closed","sticky":false,"template":"","format":"standard","meta":{"footnotes":""},"categories":[70,20,48,26],"tags":[72,227],"class_list":{"0":"post-20795","1":"post","2":"type-post","3":"status-publish","4":"format-standard","5":"has-post-thumbnail","7":"category-las-mas-leidas","8":"category-municipios","9":"category-politica-argentina","10":"category-tres-de-febrero","11":"tag-diego-valenzuela","12":"tag-gestion"},"aioseo_notices":[],"_links":{"self":[{"href":"https:\/\/guiadenoticias.com.ar\/diario\/wp-json\/wp\/v2\/posts\/20795","targetHints":{"allow":["GET"]}}],"collection":[{"href":"https:\/\/guiadenoticias.com.ar\/diario\/wp-json\/wp\/v2\/posts"}],"about":[{"href":"https:\/\/guiadenoticias.com.ar\/diario\/wp-json\/wp\/v2\/types\/post"}],"author":[{"embeddable":true,"href":"https:\/\/guiadenoticias.com.ar\/diario\/wp-json\/wp\/v2\/users\/1"}],"replies":[{"embeddable":true,"href":"https:\/\/guiadenoticias.com.ar\/diario\/wp-json\/wp\/v2\/comments?post=20795"}],"version-history":[{"count":1,"href":"https:\/\/guiadenoticias.com.ar\/diario\/wp-json\/wp\/v2\/posts\/20795\/revisions"}],"predecessor-version":[{"id":20797,"href":"https:\/\/guiadenoticias.com.ar\/diario\/wp-json\/wp\/v2\/posts\/20795\/revisions\/20797"}],"wp:featuredmedia":[{"embeddable":true,"href":"https:\/\/guiadenoticias.com.ar\/diario\/wp-json\/wp\/v2\/media\/20796"}],"wp:attachment":[{"href":"https:\/\/guiadenoticias.com.ar\/diario\/wp-json\/wp\/v2\/media?parent=20795"}],"wp:term":[{"taxonomy":"category","embeddable":true,"href":"https:\/\/guiadenoticias.com.ar\/diario\/wp-json\/wp\/v2\/categories?post=20795"},{"taxonomy":"post_tag","embeddable":true,"href":"https:\/\/guiadenoticias.com.ar\/diario\/wp-json\/wp\/v2\/tags?post=20795"}],"curies":[{"name":"wp","href":"https:\/\/api.w.org\/{rel}","templated":true}]}}