{"id":2086,"date":"2016-05-11T18:33:01","date_gmt":"2016-05-11T21:33:01","guid":{"rendered":"http:\/\/guiadenoticias.com.ar\/diario\/?p=2086"},"modified":"2016-05-13T09:13:03","modified_gmt":"2016-05-13T12:13:03","slug":"palazzo-trabajadores-sin-empleo-es-menos-consumo-interno","status":"publish","type":"post","link":"https:\/\/guiadenoticias.com.ar\/diario\/palazzo-trabajadores-sin-empleo-es-menos-consumo-interno\/","title":{"rendered":"Palazzo: \u201cTrabajadores sin empleo es menos consumo interno\u201d"},"content":{"rendered":"<p>Inauguraron formalmente la nueva sede de La Bancaria Delegaci\u00f3n San Mart\u00edn \u2013 Tres de Febrero. Entre otros, estuvieron presentes en esta filial ubicada en la calle Campos el secretario General, Sergio Palazzo; Jorge Deantoni, delegado regional; y Ver\u00f3nica G\u00f3mez, subdelegada. Adem\u00e1s, asistieron el presidente del Concejo Deliberante de San Mart\u00edn, Diego Perrella,\u00a0 los ediles Pablo Cristani y Alejandro Gonz\u00e1lez (Vicente L\u00f3pez).<\/p>\n<p>En su discurso, Palazzo asegur\u00f3 en que \u201cla agenda del movimiento obrero sigue intacta\u201d. Luego, en di\u00e1logo con periodistas reiter\u00f3 la necesidad de cercan\u00eda de los dirigentes con los trabajadores. Record\u00f3 que tras la detenci\u00f3n traum\u00e1tica de Zanola, en 2010, \u201cnos dimos una pol\u00edtica de mucho acercamiento al afiliado. Se sald\u00f3 la representatividad sindical en un proceso electoral sin ning\u00fan tipo de proscripciones\u201d<\/p>\n<p>Aclar\u00f3 que sus posiciones sindicales son independientes del gobierno de turno. En esa l\u00ednea, sobre el kirchnerismo dijo que \u201caun teniendo coincidencias, las veces que nos tuvimos que enfrentar lo hicimos, en funci\u00f3n de obtener beneficios para los compa\u00f1eros que representamos\u201d. No obstante, con la gesti\u00f3n de Cambiemos, aunque proviene del radicalismo, tiene m\u00e1s reparos.<\/p>\n<p>\u201cHoy, las pol\u00edticas que se est\u00e1n impulsando tienen una fuerte afectaci\u00f3n sobre el salario y las condiciones laborales. La Asociaci\u00f3n Bancaria toma nuevamente la posta de hacerse cargo de esa lucha y estar en la calle\u201d, se\u00f1al\u00f3 el gremialista.<\/p>\n<p>Consultado por el proyecto de ley antidespidos indic\u00f3, \u201creclamamos con firmeza ante las C\u00e1maras la sanci\u00f3n de una ley que preserve a los trabajadores. Si uno mira cualquier n\u00famero, sin caer en el jueguito de un lado y el otro, cualquier n\u00famero es grande a esta altura. Un empleo que se pierde es mucho, es una familia que no tiene su sustento\u201d.<\/p>\n<p>Y el secretario General de La Bancaria desliz\u00f3: \u201cYa que se habla que habr\u00e1 una bonanza econ\u00f3mica en el segundo semestre, no estar\u00eda mal que sancionen y promulguen una ley para evitar las suspensiones y los despidos. El Estado tiene mecanismos para esto. Lamentamos que el Presidente en una visi\u00f3n cortoplacista diga que vetar\u00e1 esa ley. Ser\u00eda un error garrafal, porque trabajadores sin empleo, es menos consumo interno, y eso implica menos producci\u00f3n y un c\u00edrculo vicioso que todos sabemos c\u00f3mo termina\u201d.<\/p>\n<p>Tuvo tambi\u00e9n una reflexi\u00f3n acerca del cierre reciente de la paritaria, en la cual obtuvieron un incremento del 33 por ciento. \u201cEl gremio estuvo siempre cerca de los compa\u00f1eros. Esto nos permite un margen de error m\u00ednimo. Adem\u00e1s, tiene una representaci\u00f3n importante, con presencia de los bancarios cada vez que se convoca a una marcha y eso nos da fortaleza. Y provenimos de una actividad que genera y gana mucho dinero, y pedir en una paritaria un acuerdo salarial por encima de las pautas que quieren establecer los gobiernos encuentra asidero a partir de la rentabilidad que tienen las empresas en donde trabajamos\u201d.<\/p>\n<p>En cuanto a la unificaci\u00f3n de las CGT opin\u00f3, \u201chay que discutir m\u00e1s cu\u00e1l es el proyecto, el contenido, para que quien tenga la responsabilidad de conducirla est\u00e9 enmarcado en un proyecto, no en una decisi\u00f3n personal. No hay margen para la rosca, para negociaciones que tienen que ver con la caja; lo \u00fanico que hay que hacer es ponerse al frente de los reclamos del movimiento obrero\u201d.<\/p>\n","protected":false},"excerpt":{"rendered":"<p>Inauguraron formalmente la nueva sede de La Bancaria Delegaci\u00f3n San Mart\u00edn \u2013 Tres de Febrero. Entre otros, estuvieron presentes en esta filial ubicada en la calle Campos el secretario General, Sergio Palazzo; Jorge Deantoni, delegado regional; y Ver\u00f3nica G\u00f3mez, subdelegada. Adem\u00e1s, asistieron el presidente del Concejo Deliberante de San Mart\u00edn, Diego Perrella,\u00a0 los ediles Pablo [&hellip;]<\/p>\n","protected":false},"author":1,"featured_media":2087,"comment_status":"closed","ping_status":"open","sticky":false,"template":"","format":"standard","meta":{"footnotes":""},"categories":[49,24,26],"tags":[],"class_list":{"0":"post-2086","1":"post","2":"type-post","3":"status-publish","4":"format-standard","5":"has-post-thumbnail","7":"category-economia-y-gremiales","8":"category-san-martin","9":"category-tres-de-febrero"},"aioseo_notices":[],"_links":{"self":[{"href":"https:\/\/guiadenoticias.com.ar\/diario\/wp-json\/wp\/v2\/posts\/2086","targetHints":{"allow":["GET"]}}],"collection":[{"href":"https:\/\/guiadenoticias.com.ar\/diario\/wp-json\/wp\/v2\/posts"}],"about":[{"href":"https:\/\/guiadenoticias.com.ar\/diario\/wp-json\/wp\/v2\/types\/post"}],"author":[{"embeddable":true,"href":"https:\/\/guiadenoticias.com.ar\/diario\/wp-json\/wp\/v2\/users\/1"}],"replies":[{"embeddable":true,"href":"https:\/\/guiadenoticias.com.ar\/diario\/wp-json\/wp\/v2\/comments?post=2086"}],"version-history":[{"count":6,"href":"https:\/\/guiadenoticias.com.ar\/diario\/wp-json\/wp\/v2\/posts\/2086\/revisions"}],"predecessor-version":[{"id":2165,"href":"https:\/\/guiadenoticias.com.ar\/diario\/wp-json\/wp\/v2\/posts\/2086\/revisions\/2165"}],"wp:featuredmedia":[{"embeddable":true,"href":"https:\/\/guiadenoticias.com.ar\/diario\/wp-json\/wp\/v2\/media\/2087"}],"wp:attachment":[{"href":"https:\/\/guiadenoticias.com.ar\/diario\/wp-json\/wp\/v2\/media?parent=2086"}],"wp:term":[{"taxonomy":"category","embeddable":true,"href":"https:\/\/guiadenoticias.com.ar\/diario\/wp-json\/wp\/v2\/categories?post=2086"},{"taxonomy":"post_tag","embeddable":true,"href":"https:\/\/guiadenoticias.com.ar\/diario\/wp-json\/wp\/v2\/tags?post=2086"}],"curies":[{"name":"wp","href":"https:\/\/api.w.org\/{rel}","templated":true}]}}