{"id":20893,"date":"2023-01-11T18:00:54","date_gmt":"2023-01-11T21:00:54","guid":{"rendered":"https:\/\/guiadenoticias.com.ar\/diario\/?p=20893"},"modified":"2023-01-18T00:45:39","modified_gmt":"2023-01-18T03:45:39","slug":"moreira-y-katopodis-recorrieron-la-obra-de-estacion-infancia","status":"publish","type":"post","link":"https:\/\/guiadenoticias.com.ar\/diario\/moreira-y-katopodis-recorrieron-la-obra-de-estacion-infancia\/","title":{"rendered":"Moreira y Katopodis recorrieron la obra de Estaci\u00f3n Infancia"},"content":{"rendered":"<p>El intendente de San Mart\u00edn, Fernando Moreira, y el ministro de Obras P\u00fablicas de la Naci\u00f3n, Gabriel Katopodis, visitaron las obras de Estaci\u00f3n Infancia, el nuevo espacio l\u00fadico, recreativo y cultural que se construye sobre la calle Estrada, a pocos metros de la estaci\u00f3n San Mart\u00edn de la L\u00ednea Mitre.<\/p>\n<p>Durante la recorrida, el jefe comunal se\u00f1al\u00f3: \u201cEsto era un galp\u00f3n ferroviario que estuvo muchos a\u00f1os abandonado y ahora estamos recuperando con una gran puesta en valor, para ponerlo al servicio de las vecinas y los vecinos\u201d.<\/p>\n<p>Y agreg\u00f3 que \u201ces otro espacio que planificamos y ejecutamos a trav\u00e9s del Plan Estrat\u00e9gico de Obras, en este caso para que lo disfruten ni\u00f1as, ni\u00f1os y sus familias, a trav\u00e9s de actividades que retoman la historia de nuestra ciudad\u201d.<\/p>\n<p>Por su parte, Katopodis destac\u00f3, \u201crecorrimos la Estaci\u00f3n Infancia, un edificio abandonado en Villa Maip\u00fa que se transformar\u00e1 en un lugar de calidad y encuentro con actividades culturales y sociales. Es una marca de esta gesti\u00f3n recuperar estos espacios que son el patrimonio de San Mart\u00edn y de toda su comunidad\u201d.<\/p>\n<p>En primer lugar, se lleva a cabo una puesta en valor del hist\u00f3rico edificio ferroviario, para recuperarlo y adaptarlo a las necesidades del nuevo espacio. Se trata de un predio de 5.400 metros cuadrados que incorporar\u00e1 ingresos con rampas para personas con discapacidad, sanitarios, nuevos pisos, equipamiento, parquizaci\u00f3n y otras mejoras.<\/p>\n<p>Luego realizar\u00e1n distintas intervenciones para instalar propuestas l\u00fadicas, did\u00e1cticas y recreativas, que van a retomar la identidad hist\u00f3rica de la ciudad, poniendo en juego la imaginaci\u00f3n, la creatividad y el fortalecimiento de los v\u00ednculos entre chicas, chicos y distintas generaciones de sanmartinenses.<\/p>\n<p>El proyecto se encuentra en su etapa de preproducci\u00f3n y es llevado adelante junto con un equipo liderado por Mar\u00eda de los \u00c1ngeles \u201cChiqui\u201d Gonz\u00e1lez, creadora del Tr\u00edptico de la Infancia de Rosario y ex ministra de Cultura e Innovaci\u00f3n de Santa Fe.<\/p>\n<p>El nuevo espacio p\u00fablico ser\u00e1 de acceso gratuito para toda la comunidad, con juegos en los espacios interiores y tambi\u00e9n en el entorno verde circundante.<\/p>\n","protected":false},"excerpt":{"rendered":"<p>El intendente de San Mart\u00edn, Fernando Moreira, y el ministro de Obras P\u00fablicas de la Naci\u00f3n, Gabriel Katopodis, visitaron las obras de Estaci\u00f3n Infancia, el nuevo espacio l\u00fadico, recreativo y cultural que se construye sobre la calle Estrada, a pocos metros de la estaci\u00f3n San Mart\u00edn de la L\u00ednea Mitre. Durante la recorrida, el jefe [&hellip;]<\/p>\n","protected":false},"author":1,"featured_media":20894,"comment_status":"closed","ping_status":"closed","sticky":false,"template":"","format":"standard","meta":{"footnotes":""},"categories":[20,24],"tags":[74,85,144],"class_list":{"0":"post-20893","1":"post","2":"type-post","3":"status-publish","4":"format-standard","5":"has-post-thumbnail","7":"category-municipios","8":"category-san-martin","9":"tag-fernando-moreira","10":"tag-gabriel-katopodis","11":"tag-obras-publicas"},"aioseo_notices":[],"_links":{"self":[{"href":"https:\/\/guiadenoticias.com.ar\/diario\/wp-json\/wp\/v2\/posts\/20893","targetHints":{"allow":["GET"]}}],"collection":[{"href":"https:\/\/guiadenoticias.com.ar\/diario\/wp-json\/wp\/v2\/posts"}],"about":[{"href":"https:\/\/guiadenoticias.com.ar\/diario\/wp-json\/wp\/v2\/types\/post"}],"author":[{"embeddable":true,"href":"https:\/\/guiadenoticias.com.ar\/diario\/wp-json\/wp\/v2\/users\/1"}],"replies":[{"embeddable":true,"href":"https:\/\/guiadenoticias.com.ar\/diario\/wp-json\/wp\/v2\/comments?post=20893"}],"version-history":[{"count":1,"href":"https:\/\/guiadenoticias.com.ar\/diario\/wp-json\/wp\/v2\/posts\/20893\/revisions"}],"predecessor-version":[{"id":20895,"href":"https:\/\/guiadenoticias.com.ar\/diario\/wp-json\/wp\/v2\/posts\/20893\/revisions\/20895"}],"wp:featuredmedia":[{"embeddable":true,"href":"https:\/\/guiadenoticias.com.ar\/diario\/wp-json\/wp\/v2\/media\/20894"}],"wp:attachment":[{"href":"https:\/\/guiadenoticias.com.ar\/diario\/wp-json\/wp\/v2\/media?parent=20893"}],"wp:term":[{"taxonomy":"category","embeddable":true,"href":"https:\/\/guiadenoticias.com.ar\/diario\/wp-json\/wp\/v2\/categories?post=20893"},{"taxonomy":"post_tag","embeddable":true,"href":"https:\/\/guiadenoticias.com.ar\/diario\/wp-json\/wp\/v2\/tags?post=20893"}],"curies":[{"name":"wp","href":"https:\/\/api.w.org\/{rel}","templated":true}]}}