{"id":20974,"date":"2023-02-09T19:00:07","date_gmt":"2023-02-09T22:00:07","guid":{"rendered":"https:\/\/guiadenoticias.com.ar\/diario\/?p=20974"},"modified":"2023-02-22T03:08:22","modified_gmt":"2023-02-22T06:08:22","slug":"lanzamiento-del-programa-juntos-a-la-escuela","status":"publish","type":"post","link":"https:\/\/guiadenoticias.com.ar\/diario\/lanzamiento-del-programa-juntos-a-la-escuela\/","title":{"rendered":"Lanzamiento del programa Juntos a la Escuela"},"content":{"rendered":"<p><strong>Con la intenci\u00f3n de hacer frente a la deserci\u00f3n escolar, el intendente de Tres de Febrero, Diego Valenzuela, particip\u00f3 del lanzamiento del operativo Juntos a la Escuela, en los barrios populares. Entre otros objetivos, el programa busca reinsertar a los chicos y las chicas al ciclo lectivo que comienza el 1\u00b0 de marzo.<\/strong><\/p>\n<p>En ese marco, autoridades y representantes de distintas \u00e1reas de la Municipalidad recorrieron el Barrio Ej\u00e9rcito de los Andes. \u201cEs importante estar cerca de las familias, escucharlas y acompa\u00f1arlas en la vuelta a clases. Los chicos tienen que estar en las aulas, aprendiendo, siendo felices y con un futuro de oportunidades por delante\u201d, afirm\u00f3 el jefe comunal.<\/p>\n<p>Durante la recorrida, Valenzuela se expres\u00f3 respecto a la importancia que tiene la educaci\u00f3n: \u201cEs el motor de progreso de todas las sociedades\u201d. Y agreg\u00f3 que \u201cla situaci\u00f3n actual es, sin dudas, un tema que nos preocupa much\u00edsimo. Desde el comienzo de mi gesti\u00f3n trabajamos para garantizar una formaci\u00f3n de calidad\u201d.<\/p>\n<p>El intendente y su equipo fueron a las viviendas del barrio de Ciudadela para detectar a los chicos que todav\u00eda no se inscribieron al ciclo lectivo y ofrecerles la oferta acad\u00e9mica que tienen cerca de su casa. Tambi\u00e9n a contarles los programas que lleva adelante la Secretar\u00eda de Educaci\u00f3n, que cuenta con 27 jardines municipales renovados y dos escuelas de educaci\u00f3n informal: la Escuela Municipal de Arte y Comunicaci\u00f3n (EMAC) y la Escuela Municipal de M\u00fasica (EMMU). Del operativo la Secretar\u00eda de Salud, que brind\u00f3 en la plaza asistencia oftalmol\u00f3gica, vacunaci\u00f3n y el apto f\u00edsico.<\/p>\n<p>El operativo se replicar\u00e1 en todos los barrios populares del municipio hasta que comiencen las clases. \u201cEs un derecho fundamental y totalmente necesario para seguir fortaleciendo la democracia\u201d, remarc\u00f3 Valenzuela.<\/p>\n","protected":false},"excerpt":{"rendered":"<p>Con la intenci\u00f3n de hacer frente a la deserci\u00f3n escolar, el intendente de Tres de Febrero, Diego Valenzuela, particip\u00f3 del lanzamiento del operativo Juntos a la Escuela, en los barrios populares. Entre otros objetivos, el programa busca reinsertar a los chicos y las chicas al ciclo lectivo que comienza el 1\u00b0 de marzo. En ese [&hellip;]<\/p>\n","protected":false},"author":1,"featured_media":20975,"comment_status":"closed","ping_status":"closed","sticky":false,"template":"","format":"standard","meta":{"footnotes":""},"categories":[70,20,26],"tags":[72,131],"class_list":{"0":"post-20974","1":"post","2":"type-post","3":"status-publish","4":"format-standard","5":"has-post-thumbnail","7":"category-las-mas-leidas","8":"category-municipios","9":"category-tres-de-febrero","10":"tag-diego-valenzuela","11":"tag-educacion"},"aioseo_notices":[],"_links":{"self":[{"href":"https:\/\/guiadenoticias.com.ar\/diario\/wp-json\/wp\/v2\/posts\/20974","targetHints":{"allow":["GET"]}}],"collection":[{"href":"https:\/\/guiadenoticias.com.ar\/diario\/wp-json\/wp\/v2\/posts"}],"about":[{"href":"https:\/\/guiadenoticias.com.ar\/diario\/wp-json\/wp\/v2\/types\/post"}],"author":[{"embeddable":true,"href":"https:\/\/guiadenoticias.com.ar\/diario\/wp-json\/wp\/v2\/users\/1"}],"replies":[{"embeddable":true,"href":"https:\/\/guiadenoticias.com.ar\/diario\/wp-json\/wp\/v2\/comments?post=20974"}],"version-history":[{"count":1,"href":"https:\/\/guiadenoticias.com.ar\/diario\/wp-json\/wp\/v2\/posts\/20974\/revisions"}],"predecessor-version":[{"id":20976,"href":"https:\/\/guiadenoticias.com.ar\/diario\/wp-json\/wp\/v2\/posts\/20974\/revisions\/20976"}],"wp:featuredmedia":[{"embeddable":true,"href":"https:\/\/guiadenoticias.com.ar\/diario\/wp-json\/wp\/v2\/media\/20975"}],"wp:attachment":[{"href":"https:\/\/guiadenoticias.com.ar\/diario\/wp-json\/wp\/v2\/media?parent=20974"}],"wp:term":[{"taxonomy":"category","embeddable":true,"href":"https:\/\/guiadenoticias.com.ar\/diario\/wp-json\/wp\/v2\/categories?post=20974"},{"taxonomy":"post_tag","embeddable":true,"href":"https:\/\/guiadenoticias.com.ar\/diario\/wp-json\/wp\/v2\/tags?post=20974"}],"curies":[{"name":"wp","href":"https:\/\/api.w.org\/{rel}","templated":true}]}}