{"id":20992,"date":"2023-02-17T11:00:12","date_gmt":"2023-02-17T14:00:12","guid":{"rendered":"https:\/\/guiadenoticias.com.ar\/diario\/?p=20992"},"modified":"2023-02-22T03:00:09","modified_gmt":"2023-02-22T06:00:09","slug":"alberto-fernandez-y-moreira-cerraron-la-edicion-2023-de-volve-a-la-escuela","status":"publish","type":"post","link":"https:\/\/guiadenoticias.com.ar\/diario\/alberto-fernandez-y-moreira-cerraron-la-edicion-2023-de-volve-a-la-escuela\/","title":{"rendered":"Alberto Fern\u00e1ndez y Moreira cerraron la edici\u00f3n 2023 de Volv\u00e9 a la Escuela"},"content":{"rendered":"<p><strong>El presidente de la Naci\u00f3n, Alberto Fern\u00e1ndez, y el intendente Fernando Moreira, junto con el rector de la Universidad Nacional de San Mart\u00edn, Carlos Greco, y el ministro de Obras P\u00fablicas Gabriel Katopodis, cerraron la 11\u00b0 edici\u00f3n del programa de reinserci\u00f3n escolar Volv\u00e9 a la Escuela.<\/strong><\/p>\n<p>\u201cLa prioridad de este gobierno municipal fue siempre estar cerca de las vecinas y los vecinos, escuchar sus necesidades y brindar soluciones. Volv\u00e9 a la Escuela es un ejemplo de eso. Es un orgullo decir que m\u00e1s de 20 mil j\u00f3venes finalizaron sus estudios a trav\u00e9s de esta iniciativa\u201d, destac\u00f3 el jefe comunal.<\/p>\n<p>Y agreg\u00f3: \u201cNuestro compromiso es generar un \u00e1mbito de educaci\u00f3n en San Mart\u00edn y trabajar junto al sistema educativo para construir un futuro con m\u00e1s oportunidades para toda nuestra gente\u201d.<\/p>\n<p>Por su parte, el Presidente afirm\u00f3 que \u201ces muy lindo el momento en que vemos a un joven o un adulto terminar sus estudios, porque desarrollar sue\u00f1os y construir futuro es un orgullo. Llevar la educaci\u00f3n a la gente, a cada casa, es nuestro deber, como ustedes hacen con este programa\u201d.<\/p>\n<p>El encuentro cont\u00f3 tambi\u00e9n con la presencia de los ministros nacionales de Ciencia, Tecnolog\u00eda e Innovaci\u00f3n Productiva, Daniel Filmus; de Defensa, Jorge Taiana; de Educaci\u00f3n y Deportes, Jaime Perczyk; y de Cultura, Trist\u00e1n Bauer.<\/p>\n<p>En esta edici\u00f3n del programa, 1.500 voluntarias y voluntarios recorrieron casa por casa todos los barrios del distrito buscando a j\u00f3venes y adultos que abandonaron sus estudios. Tambi\u00e9n instalaron puntos de inscripci\u00f3n fijos y se sum\u00f3 la iniciativa \u201cVolv\u00e9 Joven\u201d, que incluy\u00f3 la convocatoria a j\u00f3venes voluntarias y voluntarios.<\/p>\n<p>Volv\u00e9 a la Escuela brinda informaci\u00f3n, acompa\u00f1amiento y seguimiento personalizado a trav\u00e9s de grupos de apoyo escolar para estudiantes que decidan retomar sus estudios.<\/p>\n<p>Todos los datos recabados fueron sistematizados por la Municipalidad, que se contactar\u00e1 con cada familia para brindar propuestas concretas a los requerimientos y problem\u00e1ticas detectados. Para sumarse, las vecinas y los vecinos interesados pueden inscribirse todo el a\u00f1o a trav\u00e9s del sitio web sanmartin.gov.ar.<\/p>\n<p>Durante la visita de Alberto Fern\u00e1ndez y comitiva, UNSAM inaugur\u00f3 la nueva Torre de Desarrollo Acad\u00e9mico, construida en el Campus Miguelete, a trav\u00e9s del Programa de Infraestructura Universitaria del Ministerio de Obras P\u00fablicas de la Naci\u00f3n, que comprende la ejecuci\u00f3n de 167 obras en todo el pa\u00eds.<\/p>\n","protected":false},"excerpt":{"rendered":"<p>El presidente de la Naci\u00f3n, Alberto Fern\u00e1ndez, y el intendente Fernando Moreira, junto con el rector de la Universidad Nacional de San Mart\u00edn, Carlos Greco, y el ministro de Obras P\u00fablicas Gabriel Katopodis, cerraron la 11\u00b0 edici\u00f3n del programa de reinserci\u00f3n escolar Volv\u00e9 a la Escuela. \u201cLa prioridad de este gobierno municipal fue siempre estar [&hellip;]<\/p>\n","protected":false},"author":1,"featured_media":20993,"comment_status":"closed","ping_status":"closed","sticky":false,"template":"","format":"standard","meta":{"footnotes":""},"categories":[20,24],"tags":[82,131,74,85],"class_list":{"0":"post-20992","1":"post","2":"type-post","3":"status-publish","4":"format-standard","5":"has-post-thumbnail","7":"category-municipios","8":"category-san-martin","9":"tag-alberto-fernandez","10":"tag-educacion","11":"tag-fernando-moreira","12":"tag-gabriel-katopodis"},"aioseo_notices":[],"_links":{"self":[{"href":"https:\/\/guiadenoticias.com.ar\/diario\/wp-json\/wp\/v2\/posts\/20992","targetHints":{"allow":["GET"]}}],"collection":[{"href":"https:\/\/guiadenoticias.com.ar\/diario\/wp-json\/wp\/v2\/posts"}],"about":[{"href":"https:\/\/guiadenoticias.com.ar\/diario\/wp-json\/wp\/v2\/types\/post"}],"author":[{"embeddable":true,"href":"https:\/\/guiadenoticias.com.ar\/diario\/wp-json\/wp\/v2\/users\/1"}],"replies":[{"embeddable":true,"href":"https:\/\/guiadenoticias.com.ar\/diario\/wp-json\/wp\/v2\/comments?post=20992"}],"version-history":[{"count":1,"href":"https:\/\/guiadenoticias.com.ar\/diario\/wp-json\/wp\/v2\/posts\/20992\/revisions"}],"predecessor-version":[{"id":20994,"href":"https:\/\/guiadenoticias.com.ar\/diario\/wp-json\/wp\/v2\/posts\/20992\/revisions\/20994"}],"wp:featuredmedia":[{"embeddable":true,"href":"https:\/\/guiadenoticias.com.ar\/diario\/wp-json\/wp\/v2\/media\/20993"}],"wp:attachment":[{"href":"https:\/\/guiadenoticias.com.ar\/diario\/wp-json\/wp\/v2\/media?parent=20992"}],"wp:term":[{"taxonomy":"category","embeddable":true,"href":"https:\/\/guiadenoticias.com.ar\/diario\/wp-json\/wp\/v2\/categories?post=20992"},{"taxonomy":"post_tag","embeddable":true,"href":"https:\/\/guiadenoticias.com.ar\/diario\/wp-json\/wp\/v2\/tags?post=20992"}],"curies":[{"name":"wp","href":"https:\/\/api.w.org\/{rel}","templated":true}]}}