{"id":21026,"date":"2023-02-27T12:00:17","date_gmt":"2023-02-27T15:00:17","guid":{"rendered":"https:\/\/guiadenoticias.com.ar\/diario\/?p=21026"},"modified":"2023-03-06T03:14:34","modified_gmt":"2023-03-06T06:14:34","slug":"nueva-edicion-de-bicicine-en-san-isidro","status":"publish","type":"post","link":"https:\/\/guiadenoticias.com.ar\/diario\/nueva-edicion-de-bicicine-en-san-isidro\/","title":{"rendered":"Nueva edici\u00f3n de Bicicine en San Isidro"},"content":{"rendered":"<p><strong>M\u00e1s de tres mil personas se acercaron a lo largo de cuatro noches para vivir la octava edici\u00f3n de Bicicine, que ofreci\u00f3 proyecciones de pel\u00edculas y food trucks con ofertas gastron\u00f3micas.<\/strong><\/p>\n<p>El intendente Gustavo Posse expres\u00f3 que \u201ceste ciclo es una reedici\u00f3n de los viejos autocines, pero en clave sustentable y acorde con la mirada y la acci\u00f3n que San Isidro lleva adelante en sus ciudades. Un festival que tambi\u00e9n nos permite profundizar nuestro concepto del espacio p\u00fablico como riqueza social y compartir pel\u00edculas en familia. Buscamos que los vecinos disfruten de actividades gratuitas en plazas y parques, y a su vez, promover la cultura y el comercio local\u201d.<\/p>\n<p>La propuesta organizada por el municipio y la Fundaci\u00f3n Cinemateca Argentina (FCA), tuvo su puntapi\u00e9 inicial el mi\u00e9rcoles pasado en Pacheco y el r\u00edo, Mart\u00ednez, con el film \u201cCODA, se\u00f1ales de coraz\u00f3n\u201d, \u00faltima ganadora del premio Oscar a la mejor pel\u00edcula. Al d\u00eda siguiente, el ciclo pas\u00f3 por primera vez por la plaza Castiglia con \u201cC\u00f3mo educar a tu drag\u00f3n\u201d; y finalmente, el Parque P\u00fablico de Villa Adelina fue sede durante el viernes con Mamma M\u00eda y el s\u00e1bado con Heidi.<\/p>\n<p>\u201cBicicine se ajusta muy bien a la idiosincrasia y gustos de nuestros vecinos, cine de calidad y para todas las edades, y las ganas de compartir naturaleza y espacio p\u00fablico. Hubo familias j\u00f3venes, abuelos con nietos, amigos y el exitoso debut de la Plaza Castiglia, en un ambiente m\u00e1s urbano, que sum\u00f3 nuevas y muy bienvenidas audiencias\u201d, coment\u00f3 Eleonora Jaureguiberry, secretaria de Cultura y Ciudad.<\/p>\n","protected":false},"excerpt":{"rendered":"<p>M\u00e1s de tres mil personas se acercaron a lo largo de cuatro noches para vivir la octava edici\u00f3n de Bicicine, que ofreci\u00f3 proyecciones de pel\u00edculas y food trucks con ofertas gastron\u00f3micas. El intendente Gustavo Posse expres\u00f3 que \u201ceste ciclo es una reedici\u00f3n de los viejos autocines, pero en clave sustentable y acorde con la mirada [&hellip;]<\/p>\n","protected":false},"author":1,"featured_media":21029,"comment_status":"closed","ping_status":"closed","sticky":false,"template":"","format":"standard","meta":{"footnotes":""},"categories":[50,19,70,20],"tags":[212,75],"class_list":{"0":"post-21026","1":"post","2":"type-post","3":"status-publish","4":"format-standard","5":"has-post-thumbnail","7":"category-cultura","8":"category-informacion-general","9":"category-las-mas-leidas","10":"category-municipios","11":"tag-cultura","12":"tag-gustavo-posse"},"aioseo_notices":[],"_links":{"self":[{"href":"https:\/\/guiadenoticias.com.ar\/diario\/wp-json\/wp\/v2\/posts\/21026","targetHints":{"allow":["GET"]}}],"collection":[{"href":"https:\/\/guiadenoticias.com.ar\/diario\/wp-json\/wp\/v2\/posts"}],"about":[{"href":"https:\/\/guiadenoticias.com.ar\/diario\/wp-json\/wp\/v2\/types\/post"}],"author":[{"embeddable":true,"href":"https:\/\/guiadenoticias.com.ar\/diario\/wp-json\/wp\/v2\/users\/1"}],"replies":[{"embeddable":true,"href":"https:\/\/guiadenoticias.com.ar\/diario\/wp-json\/wp\/v2\/comments?post=21026"}],"version-history":[{"count":1,"href":"https:\/\/guiadenoticias.com.ar\/diario\/wp-json\/wp\/v2\/posts\/21026\/revisions"}],"predecessor-version":[{"id":21027,"href":"https:\/\/guiadenoticias.com.ar\/diario\/wp-json\/wp\/v2\/posts\/21026\/revisions\/21027"}],"wp:featuredmedia":[{"embeddable":true,"href":"https:\/\/guiadenoticias.com.ar\/diario\/wp-json\/wp\/v2\/media\/21029"}],"wp:attachment":[{"href":"https:\/\/guiadenoticias.com.ar\/diario\/wp-json\/wp\/v2\/media?parent=21026"}],"wp:term":[{"taxonomy":"category","embeddable":true,"href":"https:\/\/guiadenoticias.com.ar\/diario\/wp-json\/wp\/v2\/categories?post=21026"},{"taxonomy":"post_tag","embeddable":true,"href":"https:\/\/guiadenoticias.com.ar\/diario\/wp-json\/wp\/v2\/tags?post=21026"}],"curies":[{"name":"wp","href":"https:\/\/api.w.org\/{rel}","templated":true}]}}