{"id":21035,"date":"2023-02-28T19:00:55","date_gmt":"2023-02-28T22:00:55","guid":{"rendered":"https:\/\/guiadenoticias.com.ar\/diario\/?p=21035"},"modified":"2023-03-01T03:24:34","modified_gmt":"2023-03-01T06:24:34","slug":"en-acto-en-moron-af-hablo-del-estado-presente","status":"publish","type":"post","link":"https:\/\/guiadenoticias.com.ar\/diario\/en-acto-en-moron-af-hablo-del-estado-presente\/","title":{"rendered":"En acto en Mor\u00f3n, AF habl\u00f3 del Estado presente"},"content":{"rendered":"<p>El presidente de la Naci\u00f3n, Alberto Fern\u00e1ndez, junto con el gobernador de la Provincia, Axel Kicillof; el intendente de Mor\u00f3n, Lucas Ghi; la presidenta de AySA, Malena Galmarini, y el ministro de Obras P\u00fablicas de la Naci\u00f3n, Gabriel Katopodis; inauguraron un colector cloacal en Mor\u00f3n sur que permite completar la cobertura de saneamiento de cloacas en el 100% del distrito.<\/p>\n<p>Del acto tambi\u00e9n participaron el ministro de Econom\u00eda de la Naci\u00f3n, Sergio Massa, el ministro de Infraestructura y Servicios P\u00fablicos de la Provincia, Leonardo Nardini, y el ex intendente y titular de ACUMAR, Mart\u00edn Sabbatella.<\/p>\n<p>Este hito se logr\u00f3 con las obras del \u00faltimo tramo realizadas en el sur de la Comuna que beneficiar\u00e1n a m\u00e1s de 63.000 vecinos y vecinas e implicaron un monto de m\u00e1s de 670 millones de pesos. Las intervenciones que permitieron completar la cobertura cloacal abarcan los barrios de Santa Rosa, Texalar, 20 de Junio, Blanco, Manzanar, Belgrano, Monte, Ib\u00e1\u00f1ez, San Jos\u00e9 y parte de \u00abViejo Urbano\u00bb.<\/p>\n<p>Alberto Fern\u00e1ndez afirm\u00f3 que \u00abpara hacer estas obras en semejante contexto, la respuesta es simple, hay decisi\u00f3n pol\u00edtica, hay vocaci\u00f3n de hacerlo, hay comprensi\u00f3n de las necesidades que tiene nuestro pueblo y hay decisi\u00f3n tambi\u00e9n que el Estado est\u00e9 presente all\u00e1 donde haya un argentino que reclame auxilio\u00bb, agreg\u00f3: \u00abEstamos convencidos de que la obra p\u00fablica es un gran motor para que la econom\u00eda se mueva\u00bb.<\/p>\n<p>En tanto, el gobernador de la Provincia destac\u00f3 que \u00abeste tema de agua y cloacas es fundamental, por eso digo que es hist\u00f3rico llegar al 100% de cobertura de la red cloacal en un distrito como Mor\u00f3n\u00bb. \u00abEs un trabajo mancomunado por su significaci\u00f3n, porque es un paso importante en la dignidad de los y las bonaerenses. Me llena de alegr\u00eda que en toda la provincia, cueste lo que cueste, tarde lo que tarde, se vea o no se vea, estamos haciendo obras que recuperan una deuda hist\u00f3rica\u00bb.<\/p>\n<p>Durante el acto, el jefe comunal expres\u00f3 que \u00ablos vecinos y vecinas de Mor\u00f3n damos un paso trascendental con el 100% de cobertura de cloacas en todo el territorio. Con esta obra que finalizamos, cada familia ya est\u00e1 en condiciones de conectarse a la red cloacal. Es un logro hist\u00f3rico que se pudo alcanzar con mucho esfuerzo, dedicaci\u00f3n y gesti\u00f3n\u00bb.<\/p>\n<p>\u00abNo puedo dejar de destacar a Gabriel (Katopodis) y Malena (Galmarini) con quienes tenemos un trabajo articulado, lo mismo que con los equipos de la provincia de Buenos Aires. Ac\u00e1 hay mucho esfuerzo, mucha inversi\u00f3n p\u00fablica para que esto sea una realidad. Es el fruto de un Estado nacional, provincial y municipal que asumi\u00f3 la responsabilidad y se puso al frente de la tarea para construir una ciudad mejor\u00bb, sostuvo Ghi.<\/p>\n<p>A\u00f1adi\u00f3, \u00abque toda la comunidad de Mor\u00f3n pueda tener disponible este servicio esencial no es m\u00e1s que cumplir con el compromiso asumido por Mart\u00edn Sabbatella y que continuamos con todo el equipo de trabajo actual\u00bb.<\/p>\n<p>La titular de AySA, Malena Galmarini, resalt\u00f3: \u00abNos queda s\u00f3lo un 5% de agua potable para completar y esto va a ser antes de fin de a\u00f1o. Esta no es cualquier obra, son servicios esenciales. Este Gobierno sigue construyendo, y no son solamente redes de ca\u00f1os, no es solamente enterrar un ca\u00f1o, es llevar dignidad, esto es lo que este gobierno, y no el anterior, est\u00e1 haciendo\u00bb.<\/p>\n<p>Las \u00faltimas intervenciones realizadas permitir\u00e1n conectar a m\u00e1s de 13.000 domicilios que se encuentran delimitados por las calles Stevenson, Callao, Josefina Marqu\u00e9s, Carmen de Patagones, Arana, Coronel Arena, Avenida Eva Per\u00f3n, Pache, Monse\u00f1or Angelelli, Fray Justo Santa Mar\u00eda de Oro, Bernardo de Irigoyen, Avenida Hip\u00f3lito Yrigoyen (RP N\u00b04), Monse\u00f1or Angelelli, Luis Pasteur, Cementerio Municipal de Mor\u00f3n, Los Reseros, Yrigoyen (RP N\u00b04), Eva Per\u00f3n, Alessandri, Don Bosco hasta Stevenson.<\/p>\n<p>Las conexiones a la red en los barrios San Juan y Marina podr\u00e1n realizarse cuando AySA apruebe la obra en su totalidad. Para m\u00e1s informaci\u00f3n y\/o asesoramiento para realizar las conexiones domiciliarias, las y los vecinos de Mor\u00f3n pueden contactarse con su UGC m\u00e1s cercana.<\/p>\n","protected":false},"excerpt":{"rendered":"<p>El presidente de la Naci\u00f3n, Alberto Fern\u00e1ndez, junto con el gobernador de la Provincia, Axel Kicillof; el intendente de Mor\u00f3n, Lucas Ghi; la presidenta de AySA, Malena Galmarini, y el ministro de Obras P\u00fablicas de la Naci\u00f3n, Gabriel Katopodis; inauguraron un colector cloacal en Mor\u00f3n sur que permite completar la cobertura de saneamiento de cloacas [&hellip;]<\/p>\n","protected":false},"author":1,"featured_media":21036,"comment_status":"closed","ping_status":"closed","sticky":false,"template":"","format":"standard","meta":{"footnotes":""},"categories":[28,20,48],"tags":[82,83,73,91,93,144],"class_list":{"0":"post-21035","1":"post","2":"type-post","3":"status-publish","4":"format-standard","5":"has-post-thumbnail","7":"category-moron","8":"category-municipios","9":"category-politica-argentina","10":"tag-alberto-fernandez","11":"tag-axel-kicillof","12":"tag-lucas-ghi","13":"tag-malena-galmarini","14":"tag-martin-sabbatella","15":"tag-obras-publicas"},"aioseo_notices":[],"_links":{"self":[{"href":"https:\/\/guiadenoticias.com.ar\/diario\/wp-json\/wp\/v2\/posts\/21035","targetHints":{"allow":["GET"]}}],"collection":[{"href":"https:\/\/guiadenoticias.com.ar\/diario\/wp-json\/wp\/v2\/posts"}],"about":[{"href":"https:\/\/guiadenoticias.com.ar\/diario\/wp-json\/wp\/v2\/types\/post"}],"author":[{"embeddable":true,"href":"https:\/\/guiadenoticias.com.ar\/diario\/wp-json\/wp\/v2\/users\/1"}],"replies":[{"embeddable":true,"href":"https:\/\/guiadenoticias.com.ar\/diario\/wp-json\/wp\/v2\/comments?post=21035"}],"version-history":[{"count":1,"href":"https:\/\/guiadenoticias.com.ar\/diario\/wp-json\/wp\/v2\/posts\/21035\/revisions"}],"predecessor-version":[{"id":21037,"href":"https:\/\/guiadenoticias.com.ar\/diario\/wp-json\/wp\/v2\/posts\/21035\/revisions\/21037"}],"wp:featuredmedia":[{"embeddable":true,"href":"https:\/\/guiadenoticias.com.ar\/diario\/wp-json\/wp\/v2\/media\/21036"}],"wp:attachment":[{"href":"https:\/\/guiadenoticias.com.ar\/diario\/wp-json\/wp\/v2\/media?parent=21035"}],"wp:term":[{"taxonomy":"category","embeddable":true,"href":"https:\/\/guiadenoticias.com.ar\/diario\/wp-json\/wp\/v2\/categories?post=21035"},{"taxonomy":"post_tag","embeddable":true,"href":"https:\/\/guiadenoticias.com.ar\/diario\/wp-json\/wp\/v2\/tags?post=21035"}],"curies":[{"name":"wp","href":"https:\/\/api.w.org\/{rel}","templated":true}]}}