{"id":21064,"date":"2023-03-06T22:00:10","date_gmt":"2023-03-07T01:00:10","guid":{"rendered":"https:\/\/guiadenoticias.com.ar\/diario\/?p=21064"},"modified":"2023-03-06T22:41:52","modified_gmt":"2023-03-07T01:41:52","slug":"kicillof-el-dilema-es-entre-la-derecha-y-los-derechos","status":"publish","type":"post","link":"https:\/\/guiadenoticias.com.ar\/diario\/kicillof-el-dilema-es-entre-la-derecha-y-los-derechos\/","title":{"rendered":"Kicillof: \u201cEl dilema es entre la derecha y los derechos\u00bb"},"content":{"rendered":"<p>Axel Kicillof, gobernador de Buenos Aires, abri\u00f3 este lunes 6 de marzo, en La Plata, el 151\u00b0 per\u00edodo de sesiones ordinarias de la Legislatura bonaerense. Con referencias a un futuro segundo mandato, expres\u00f3: \u00abA\u00fan hay muchas necesidades por resolver en una sociedad fragmentada por intolerables desigualdades. Por eso los invito a que sigamos avanzando\u00bb.<\/p>\n<p>Si bien asegur\u00f3 que se trata de su \u00faltima apertura como gobernador, dej\u00f3 la puerta abierta para un segundo mandato. \u00abHoy es mi \u00faltima apertura de sesiones o en todo caso la \u00faltima de esta primera etapa\u00bb, dijo.<\/p>\n<p>El discurso del mandatario provincial estaba previsto para el pasado 1\u00b0 de marzo por la tarde, tras la apertura de sesiones nacionales, pero se posterg\u00f3 por el masivo apag\u00f3n que afect\u00f3 a gran parte del pa\u00eds.<\/p>\n<p>Kicillof arrib\u00f3 al recinto junto con la vicegobernadora Ver\u00f3nica Magario, quien abri\u00f3 y constituy\u00f3 la sesi\u00f3n especial previamente. Junto a ellos tambi\u00e9n se ubic\u00f3 el presidente de la C\u00e1mara de Diputados provincial, Federico Oterm\u00edn.<\/p>\n<p>Enseguida agradeci\u00f3, \u201ca Alberto (Fern\u00e1ndez) y Cristina (de Kirchner) les quiero agradecer el acompa\u00f1amiento a la Provincia\u00bb. El primer punto que toc\u00f3 fue la educaci\u00f3n<\/p>\n<p>En esa l\u00ednea, m\u00e1s adelante se refiri\u00f3 al intento de asesinato de Cristina Fern\u00e1ndez. \u00abA la atroz situaci\u00f3n de intento de asesinato se agrega la situaci\u00f3n de proscripci\u00f3n, que se suma a la larga persecuci\u00f3n que ha sufrido el peronismo por lo que defiende y cuestiona\u00bb.<\/p>\n<p>En otro orden, Kicillof se\u00f1al\u00f3, \u00abrecordemos que no fue la mano invisible del mercado la que vacun\u00f3 ni la que sostuvo la alimentaci\u00f3n ni las Pymes. Los problemas no se resuelven con menos estado\u00bb.<\/p>\n<p>\u00abEstamos en un a\u00f1o electoral y la sociedad va a tener que decidir por qu\u00e9 camino sigue. Para nosotros, gobernar consiste en defender y ampliar derechos. El Estado no est\u00e1 para defender privilegios. El dilema que nos plantea este a\u00f1o ser\u00e1 entre la derecha y los derechos\u00bb.<\/p>\n<p>El gobernador dedic\u00f3 varios minutos a criticar el fallo de la Corte Suprema de Justicia que determin\u00f3 que el gobierno porte\u00f1o obtenga los puntos de coparticipaci\u00f3n que le hab\u00edan sido designados durante el gobierno de Mauricio Macri.<\/p>\n<p>\u00abEs un fallo ilegal que le saca a las provincias para ayudar al lugar m\u00e1s rico\u00bb, dijo Kicillof, que llam\u00f3 a todos los bloques a conformar una comisi\u00f3n para pedir por los recursos que fueron otorgados a la Ciudad de Buenos Aires.<\/p>\n<p>\u00abEn estos 3 a\u00f1os, la Provincia consigui\u00f3 r\u00e9cord de desembolsos por parte de los organismos de cr\u00e9dito por casi 750 millones de d\u00f3lares. Durante la gesti\u00f3n anterior los desembolsos para obra de infraestructura no llegaron ni a los 80 millones de esta fuente\u00bb, compar\u00f3 con Mar\u00eda Eugenia Vidal.<\/p>\n<p>El gobernador reconoci\u00f3 que la inseguridad es uno de los problemas fundamentales del territorio. \u00abLa seguridad es uno de los problemas estructurales. La experiencia del gobierno anterior demostr\u00f3 que no existe ninguna estrategia de comunicaci\u00f3n que pueda reemplazar la falta de una verdadera pol\u00edtica de seguridad\u00bb.<\/p>\n<p>Adem\u00e1s, critic\u00f3 el \u00abcalamitoso\u00bb estado del sistema penitenciario y dijo que se inauguraron 2.436 plazas y se est\u00e1n terminando de construir 4.100. \u00abComo consecuencia de nuestra pol\u00edtica penitenciaria redujimos la tasa de reincidencia, pasando de 46% a 22% actualmente\u00bb, cont\u00f3.<\/p>\n","protected":false},"excerpt":{"rendered":"<p>Axel Kicillof, gobernador de Buenos Aires, abri\u00f3 este lunes 6 de marzo, en La Plata, el 151\u00b0 per\u00edodo de sesiones ordinarias de la Legislatura bonaerense. Con referencias a un futuro segundo mandato, expres\u00f3: \u00abA\u00fan hay muchas necesidades por resolver en una sociedad fragmentada por intolerables desigualdades. Por eso los invito a que sigamos avanzando\u00bb. Si [&hellip;]<\/p>\n","protected":false},"author":1,"featured_media":21065,"comment_status":"closed","ping_status":"closed","sticky":false,"template":"","format":"standard","meta":{"footnotes":""},"categories":[48,31],"tags":[83,196],"class_list":{"0":"post-21064","1":"post","2":"type-post","3":"status-publish","4":"format-standard","5":"has-post-thumbnail","7":"category-politica-argentina","8":"category-provincia","9":"tag-axel-kicillof","10":"tag-legislatura-bonaerense"},"aioseo_notices":[],"_links":{"self":[{"href":"https:\/\/guiadenoticias.com.ar\/diario\/wp-json\/wp\/v2\/posts\/21064","targetHints":{"allow":["GET"]}}],"collection":[{"href":"https:\/\/guiadenoticias.com.ar\/diario\/wp-json\/wp\/v2\/posts"}],"about":[{"href":"https:\/\/guiadenoticias.com.ar\/diario\/wp-json\/wp\/v2\/types\/post"}],"author":[{"embeddable":true,"href":"https:\/\/guiadenoticias.com.ar\/diario\/wp-json\/wp\/v2\/users\/1"}],"replies":[{"embeddable":true,"href":"https:\/\/guiadenoticias.com.ar\/diario\/wp-json\/wp\/v2\/comments?post=21064"}],"version-history":[{"count":1,"href":"https:\/\/guiadenoticias.com.ar\/diario\/wp-json\/wp\/v2\/posts\/21064\/revisions"}],"predecessor-version":[{"id":21066,"href":"https:\/\/guiadenoticias.com.ar\/diario\/wp-json\/wp\/v2\/posts\/21064\/revisions\/21066"}],"wp:featuredmedia":[{"embeddable":true,"href":"https:\/\/guiadenoticias.com.ar\/diario\/wp-json\/wp\/v2\/media\/21065"}],"wp:attachment":[{"href":"https:\/\/guiadenoticias.com.ar\/diario\/wp-json\/wp\/v2\/media?parent=21064"}],"wp:term":[{"taxonomy":"category","embeddable":true,"href":"https:\/\/guiadenoticias.com.ar\/diario\/wp-json\/wp\/v2\/categories?post=21064"},{"taxonomy":"post_tag","embeddable":true,"href":"https:\/\/guiadenoticias.com.ar\/diario\/wp-json\/wp\/v2\/tags?post=21064"}],"curies":[{"name":"wp","href":"https:\/\/api.w.org\/{rel}","templated":true}]}}