{"id":21071,"date":"2023-03-02T22:00:16","date_gmt":"2023-03-03T01:00:16","guid":{"rendered":"https:\/\/guiadenoticias.com.ar\/diario\/?p=21071"},"modified":"2023-03-10T02:42:32","modified_gmt":"2023-03-10T05:42:32","slug":"soledad-martinez-queremos-construir-juntos-el-futuro-de-vicente-lopez","status":"publish","type":"post","link":"https:\/\/guiadenoticias.com.ar\/diario\/soledad-martinez-queremos-construir-juntos-el-futuro-de-vicente-lopez\/","title":{"rendered":"Soledad Mart\u00ednez: \u201cQueremos construir juntos el futuro de Vicente L\u00f3pez\u201d"},"content":{"rendered":"<p>La jefa comunal Soledad Mart\u00ednez realiz\u00f3 un balance del \u00faltimo a\u00f1o de gesti\u00f3n, as\u00ed destac\u00f3 algunos de los proyectos concretados; asimismo adelant\u00f3 las iniciativas previstas para 2023.<\/p>\n<p>En primer lugar remarc\u00f3 la importancia de la autonom\u00eda econ\u00f3mica del municipio, que permite invertir en recursos para diferentes \u00e1reas, y destac\u00f3 que Vicente L\u00f3pez es \u201cla ciudad de Buenos Aires que tuvo los mejores resultados en las pruebas Aprender durante tres a\u00f1os consecutivos; tambi\u00e9n una de las ciudades con la menor tasa de mortalidad infantil\u201d.<\/p>\n<p>En materia educativa puntualiz\u00f3, \u201cinauguramos una nueva escuela primaria p\u00fablica, de gesti\u00f3n municipal, en Olivos. La escuela Emma P\u00e9rez Ferreira, nombre dedicado a una mujer argentina, cient\u00edfica y pionera de la inform\u00e1tica y la tecnolog\u00edas, dos temas que representan muy bien nuestro rumbo educativo\u201d.<\/p>\n<p>Por otro lado, Soledad Mart\u00ednez se refiri\u00f3 a la pol\u00edtica de seguridad, mencionando la Plataforma de Violencia de G\u00e9nero para \u201c159 mujeres que, lamentablemente, sufrieron violencia y tienen un bot\u00f3n de p\u00e1nico asignado. Porque defender a las mujeres es asistirlas, pero tambi\u00e9n es meter presos a los violentos\u201d.<\/p>\n<p>Adem\u00e1s, la intendenta puso el foco en una salud y contenci\u00f3n de calidad para los vecinos: \u201cEstamos muy avanzados con las obras para que funcione el nuevo Instituto Cardiovascular en el Hospital Houssay. Y avanza en tiempo y forma la obra del nuevo Centro Barrial de Infancia y Juventud en el barrio La Loma, un centro comunitario con espacio para 500 ni\u00f1os y j\u00f3venes\u201d.<\/p>\n<p>Sobre el Paseo de la Costa, que recibi\u00f3 este verano a m\u00e1s de 50.000 personas por fin de semana, expres\u00f3: \u201cSeguiremos con la renovaci\u00f3n de los 12 accesos al espacio ribere\u00f1o. No vamos a parar hasta lograr el objetivo de tener el 100% de Costa P\u00fablica\u201d.<\/p>\n<p>Mart\u00ednez adelant\u00f3 algunos de los proyectos en los que se abocar\u00e1 la gesti\u00f3n durante 2023. Entre ellos est\u00e1n la construcci\u00f3n de un nuevo Centro de Monitoreo equipado con \u00faltimas tecnolog\u00edas; la preparaci\u00f3n de un plan de obras de ampliaci\u00f3n para el Centro Recreativo de la Tercera Edad; la reapertura del Centro Cultural Munro y la inauguraci\u00f3n de la primera parte del Museo Hist\u00f3rico de Vicente L\u00f3pez.<\/p>\n","protected":false},"excerpt":{"rendered":"<p>La jefa comunal Soledad Mart\u00ednez realiz\u00f3 un balance del \u00faltimo a\u00f1o de gesti\u00f3n, as\u00ed destac\u00f3 algunos de los proyectos concretados; asimismo adelant\u00f3 las iniciativas previstas para 2023. En primer lugar remarc\u00f3 la importancia de la autonom\u00eda econ\u00f3mica del municipio, que permite invertir en recursos para diferentes \u00e1reas, y destac\u00f3 que Vicente L\u00f3pez es \u201cla ciudad [&hellip;]<\/p>\n","protected":false},"author":1,"featured_media":21072,"comment_status":"closed","ping_status":"closed","sticky":false,"template":"","format":"standard","meta":{"footnotes":""},"categories":[70,20,25],"tags":[139,176],"class_list":{"0":"post-21071","1":"post","2":"type-post","3":"status-publish","4":"format-standard","5":"has-post-thumbnail","7":"category-las-mas-leidas","8":"category-municipios","9":"category-vicente-lopez","10":"tag-concejo-deliberante","11":"tag-soledad-martinez"},"aioseo_notices":[],"_links":{"self":[{"href":"https:\/\/guiadenoticias.com.ar\/diario\/wp-json\/wp\/v2\/posts\/21071","targetHints":{"allow":["GET"]}}],"collection":[{"href":"https:\/\/guiadenoticias.com.ar\/diario\/wp-json\/wp\/v2\/posts"}],"about":[{"href":"https:\/\/guiadenoticias.com.ar\/diario\/wp-json\/wp\/v2\/types\/post"}],"author":[{"embeddable":true,"href":"https:\/\/guiadenoticias.com.ar\/diario\/wp-json\/wp\/v2\/users\/1"}],"replies":[{"embeddable":true,"href":"https:\/\/guiadenoticias.com.ar\/diario\/wp-json\/wp\/v2\/comments?post=21071"}],"version-history":[{"count":1,"href":"https:\/\/guiadenoticias.com.ar\/diario\/wp-json\/wp\/v2\/posts\/21071\/revisions"}],"predecessor-version":[{"id":21073,"href":"https:\/\/guiadenoticias.com.ar\/diario\/wp-json\/wp\/v2\/posts\/21071\/revisions\/21073"}],"wp:featuredmedia":[{"embeddable":true,"href":"https:\/\/guiadenoticias.com.ar\/diario\/wp-json\/wp\/v2\/media\/21072"}],"wp:attachment":[{"href":"https:\/\/guiadenoticias.com.ar\/diario\/wp-json\/wp\/v2\/media?parent=21071"}],"wp:term":[{"taxonomy":"category","embeddable":true,"href":"https:\/\/guiadenoticias.com.ar\/diario\/wp-json\/wp\/v2\/categories?post=21071"},{"taxonomy":"post_tag","embeddable":true,"href":"https:\/\/guiadenoticias.com.ar\/diario\/wp-json\/wp\/v2\/tags?post=21071"}],"curies":[{"name":"wp","href":"https:\/\/api.w.org\/{rel}","templated":true}]}}