{"id":21081,"date":"2023-03-07T20:00:46","date_gmt":"2023-03-07T23:00:46","guid":{"rendered":"https:\/\/guiadenoticias.com.ar\/diario\/?p=21081"},"modified":"2023-03-09T03:00:39","modified_gmt":"2023-03-09T06:00:39","slug":"moreira-abrio-las-sesiones-ordinarias-en-un-ano-marcado-por-las-elecciones","status":"publish","type":"post","link":"https:\/\/guiadenoticias.com.ar\/diario\/moreira-abrio-las-sesiones-ordinarias-en-un-ano-marcado-por-las-elecciones\/","title":{"rendered":"Moreira abri\u00f3 las sesiones ordinarias en un a\u00f1o marcado por las elecciones"},"content":{"rendered":"<p>El intendente de San Mart\u00edn, Fernando Moreira, dio inicio al per\u00edodo 139\u00ba del Concejo Deliberante, con un balance de lo hecho en los \u00faltimos tres a\u00f1os y un detalle de lo que el municipio realiza y ya planific\u00f3 en todas sus \u00e1reas para este 2023.<\/p>\n<p>El jefe comunal destac\u00f3 que este a\u00f1o finalizar\u00e1n las obras del Paso Bajo Nivel de Perdriel, que se sumar\u00e1 a los de Chilavert y Ballester, inaugurados en 2019. Asimismo contin\u00faa la renovaci\u00f3n de los accesos y avenidas para optimizar el tr\u00e1nsito y brindar mayor seguridad vial.<\/p>\n<p>Adem\u00e1s, este a\u00f1o comenzar\u00e1 la primera etapa de renovaci\u00f3n integral de Juan Manuel de Rosas (ex M\u00e1rquez), Avenida Libertador, y la apertura de Triunvirato entre Luj\u00e1n y Camino de Borde; a las que se sumar\u00e1n la repavimentaci\u00f3n de S\u00e1enz Pe\u00f1a, Campos, Aleu, N\u00e9stor Kirchner y Las Heras, todas con nueva iluminaci\u00f3n LED.<\/p>\n<p>Mencion\u00f3 en el discurso que avanza el proyecto del Camino de Borde, paralelo al Camino del Buen Ayre, que integrar\u00e1 a San Mart\u00edn, Tres de Febrero y San Isidro a lo largo de 12 kil\u00f3metros. Una obra que incluye la construcci\u00f3n de tres puentes, pavimentaci\u00f3n, bicisendas, iluminaci\u00f3n LED, equipamiento urbano y cloacas.<\/p>\n<p>En cuanto a la urbanizaci\u00f3n de los barrios, San Mart\u00edn ya alcanz\u00f3 el 85% de cobertura del sistema de cloacas y el 90% de agua potable. Son obras que se suman al plan de pavimentaci\u00f3n de calles de tierra, que ya alcanz\u00f3 el 95% de calles asfaltadas y este a\u00f1o llegar\u00e1 al 100%.<\/p>\n<p>Otro eje de la gesti\u00f3n es el refuerzo del sistema municipal de salud integral, que cuenta con tres hospitales, 19 Centros de Salud, 3 Postas Sanitarias, el Complejo Municipal de Rehabilitaci\u00f3n Psicof\u00edsica y Salud Mental y el Centro de Telesalud.<\/p>\n<p>En esa l\u00ednea, la Comuna lleva a cabo la cuarta y \u00faltima etapa de renovaci\u00f3n integral del Hospital Thompson, que abarca el hospital de d\u00eda, laboratorios y rayos, \u00e1reas con tom\u00f3grafos y administrativas. Se suman a las nuevas \u00e1reas de Obstetricia y Pediatr\u00eda inauguradas en 2022, una Guardia tres veces m\u00e1s amplia, 21 camas con equipamiento en Neonatolog\u00eda, 6 nuevos quir\u00f3fanos y 2 salas de parto. Adem\u00e1s, pronto se incorporar\u00e1n los nuevos Centros de Salud de Villa Lynch y Billinghurst.<\/p>\n<p>El intendente habl\u00f3 tambi\u00e9n de los programas educativos, entre los que se destaca Volv\u00e9 a la Escuela, que desde 2012 logr\u00f3 que m\u00e1s de 20 mil vecinas y vecinos retomen y finalicen sus estudios, gracias a los recorridos casa por casa en todos los barrios.<\/p>\n<p>Tras la pandemia fue implementada la iniciativa Conectar de Nuevo, a fin de garantizar una educaci\u00f3n inclusiva para estudiantes de nivel primario y secundario. Hoy es una estructura que cuenta con 48 puntos de apoyo distribuidos en distintos barrios, que cuenta con 150 docentes.<\/p>\n<p>En cuanto a las obras escolares, luego de la inauguraci\u00f3n de la primera Escuela Primaria de Barrio Libertador, se ampliar\u00e1 con la incorporaci\u00f3n de una secundaria. A su vez, se completaron las obras del Jard\u00edn Municipal Caren y est\u00e1n avanzadas las del Jard\u00edn 947 de 9 de Julio. Tambi\u00e9n comenzaron los trabajos en los jardines 914 de Jos\u00e9 Le\u00f3n Su\u00e1rez y 946 de Barrio Independencia.<\/p>\n<p>En materia de pol\u00edtica social, el municipio llega a 40 mil personas por a\u00f1o, cuadriplicando las cifras de 2012. Las iniciativas incluyen asistencia directa y el auspicio de una red de m\u00e1s de 180 comedores y merenderos, que brindan alimento a 10 mil vecinas y vecinos cada d\u00eda.<\/p>\n<p>En cuanto a las pol\u00edticas de igualdad de g\u00e9nero y cuidado de las infancias, San Mart\u00edn expandi\u00f3 sus dispositivos de protecci\u00f3n y promoci\u00f3n de derechos de mujeres, ni\u00f1as, ni\u00f1os y adolescentes.<\/p>\n<p>Adem\u00e1s, en pocos meses ser\u00e1 inaugurar\u00e1 Estaci\u00f3n Infancia, un espacio l\u00fadico, recreativo y cultural ubicado en lo que era el galp\u00f3n ferroviario de la calle Estrada, cerca de la estaci\u00f3n San Mart\u00edn.<\/p>\n<p>Por otro lado, este a\u00f1o se abrir\u00e1 un nuevo Centro Juvenil en Billinghurst, el noveno de estos espacios que ofrecen talleres culturales, deportivos y recreativos, de formaci\u00f3n laboral, acompa\u00f1amiento a las trayectorias educativas y charlas de protecci\u00f3n y prevenci\u00f3n en salud.<\/p>\n<p>En otro tramo, Moreira se\u00f1al\u00f3: \u201cOtra pata clave de nuestra gesti\u00f3n es el acompa\u00f1amiento al sector productivo de la ciudad, cuyo coraz\u00f3n son las industrias Pymes\u201d. En ese sentido remarc\u00f3 que el Censo Industrial \u201cSan Mart\u00edn DATA 2023\u201d, se encargar\u00e1 de relevar, identificar y cuantificar la estructura del tejido industrial local.<\/p>\n<p>Adem\u00e1s, en diciembre se celebrar\u00e1 la Expo Ciudad PyME 2023, en el Centro de Convenciones Miguelete, con el objetivo de visibilizar la identidad y el potencial industrial sanmartinenses.<\/p>\n<p>En otro orden, el municipio sigue tomando medidas para colaborar con las fuerzas policiales. El Centro Operativo de Monitoreo cuenta con 225 operadores y 1.200 c\u00e1maras, se sumaron 69 patrulleros, 3 postas de seguridad para llegar a 15 y nuevas tecnolog\u00edas de reconocimiento facial y de patentes,<\/p>\n<p>Sobre el cierre del mensaje, el intendente sostuvo que \u201cla democracia es debatir, opinar, criticar, marcar un camino distinto, pero tambi\u00e9n es la b\u00fasqueda de acuerdos y consensos. Este a\u00f1o, que cumplimos 40 a\u00f1os de democracia, tenemos la suerte de volver a votar, y lo m\u00e1s importante es que despu\u00e9s trabajemos todos por el bien com\u00fan, cada uno desde su mirada\u201d.<\/p>\n","protected":false},"excerpt":{"rendered":"<p>El intendente de San Mart\u00edn, Fernando Moreira, dio inicio al per\u00edodo 139\u00ba del Concejo Deliberante, con un balance de lo hecho en los \u00faltimos tres a\u00f1os y un detalle de lo que el municipio realiza y ya planific\u00f3 en todas sus \u00e1reas para este 2023. El jefe comunal destac\u00f3 que este a\u00f1o finalizar\u00e1n las obras [&hellip;]<\/p>\n","protected":false},"author":1,"featured_media":21082,"comment_status":"closed","ping_status":"closed","sticky":false,"template":"","format":"standard","meta":{"footnotes":""},"categories":[20,48,24],"tags":[139,74],"class_list":{"0":"post-21081","1":"post","2":"type-post","3":"status-publish","4":"format-standard","5":"has-post-thumbnail","7":"category-municipios","8":"category-politica-argentina","9":"category-san-martin","10":"tag-concejo-deliberante","11":"tag-fernando-moreira"},"aioseo_notices":[],"_links":{"self":[{"href":"https:\/\/guiadenoticias.com.ar\/diario\/wp-json\/wp\/v2\/posts\/21081","targetHints":{"allow":["GET"]}}],"collection":[{"href":"https:\/\/guiadenoticias.com.ar\/diario\/wp-json\/wp\/v2\/posts"}],"about":[{"href":"https:\/\/guiadenoticias.com.ar\/diario\/wp-json\/wp\/v2\/types\/post"}],"author":[{"embeddable":true,"href":"https:\/\/guiadenoticias.com.ar\/diario\/wp-json\/wp\/v2\/users\/1"}],"replies":[{"embeddable":true,"href":"https:\/\/guiadenoticias.com.ar\/diario\/wp-json\/wp\/v2\/comments?post=21081"}],"version-history":[{"count":1,"href":"https:\/\/guiadenoticias.com.ar\/diario\/wp-json\/wp\/v2\/posts\/21081\/revisions"}],"predecessor-version":[{"id":21083,"href":"https:\/\/guiadenoticias.com.ar\/diario\/wp-json\/wp\/v2\/posts\/21081\/revisions\/21083"}],"wp:featuredmedia":[{"embeddable":true,"href":"https:\/\/guiadenoticias.com.ar\/diario\/wp-json\/wp\/v2\/media\/21082"}],"wp:attachment":[{"href":"https:\/\/guiadenoticias.com.ar\/diario\/wp-json\/wp\/v2\/media?parent=21081"}],"wp:term":[{"taxonomy":"category","embeddable":true,"href":"https:\/\/guiadenoticias.com.ar\/diario\/wp-json\/wp\/v2\/categories?post=21081"},{"taxonomy":"post_tag","embeddable":true,"href":"https:\/\/guiadenoticias.com.ar\/diario\/wp-json\/wp\/v2\/tags?post=21081"}],"curies":[{"name":"wp","href":"https:\/\/api.w.org\/{rel}","templated":true}]}}