{"id":21147,"date":"2023-03-26T21:00:19","date_gmt":"2023-03-27T00:00:19","guid":{"rendered":"https:\/\/guiadenoticias.com.ar\/diario\/?p=21147"},"modified":"2023-04-07T22:05:32","modified_gmt":"2023-04-08T01:05:32","slug":"autoridades-inauguraron-la-segunda-etapa-de-remodelacion-integral-del-peretz","status":"publish","type":"post","link":"https:\/\/guiadenoticias.com.ar\/diario\/autoridades-inauguraron-la-segunda-etapa-de-remodelacion-integral-del-peretz\/","title":{"rendered":"Autoridades inauguraron la segunda etapa de remodelaci\u00f3n integral del Peretz"},"content":{"rendered":"<p>El intendente de San Mart\u00edn, Fernando Moreira, inaugur\u00f3 la segunda etapa de remodelaci\u00f3n integral del Club Peretz; lo acompa\u00f1aron el ministro de Obras P\u00fablicas de la Naci\u00f3n, Gabriel Katopodis, la secretaria de Deportes de la Naci\u00f3n, In\u00e9s Arrondo, y el subsecretario de Deportes de la Provincia, Leandro Lurati.<\/p>\n<p><strong>Los trabajos incluyeron la puesta en valor completa de la cancha de b\u00e1squet y v\u00f3ley, con sus vestuarios, tres nuevos salones para actividades deportivas y culturales, nuevos sanitarios, sala de profesores y \u00e1reas administrativas.<\/strong><\/p>\n<p>Durante la recorrida, el jefe comunal destac\u00f3: \u201cEs una alegr\u00eda muy grande terminar la recuperaci\u00f3n de este lugar ic\u00f3nico, que tiene tanta historia y hab\u00eda estado tantos a\u00f1os abandonado. Primero hicimos el Natatorio y ahora completamos la obra en los pisos superiores, para que las vecinas y los vecinos tengan un nuevo espacio deportivo.\u201d<\/p>\n<p>Y agreg\u00f3 que \u201cera un desaf\u00edo grande de nuestra gesti\u00f3n poner en valor este edificio, con mucha calidad y comodidad, para brindarle a la comunidad actividades gratuitas, como lo venimos haciendo en todos los barrios\u201d.<\/p>\n<p>\u201cLa alegr\u00eda es doble, porque a partir de una construcci\u00f3n colectiva logramos replicar ese esp\u00edritu comunitario y los valores que congregaban a las vecinas y los vecinos de Villa Lynch alrededor de esta instituci\u00f3n\u201d, se\u00f1al\u00f3 Moreira.<\/p>\n<p>Por su parte, Katopodis expres\u00f3: \u201cTenemos la misma emoci\u00f3n que cuando abrimos el Natatorio. Pudimos completar esta obra para que nuestros pibes y pibas se encuentren en el deporte y la actividad social, cumpliendo el sue\u00f1o de la comunidad de Villa Lynch\u201d.<\/p>\n<p>Adem\u00e1s de la cancha se realiz\u00f3 la puesta en valor de la fachada exterior y los balcones, y colocaron nuevos pisos, completando la recuperaci\u00f3n integral de esta hist\u00f3rica instituci\u00f3n a trav\u00e9s del Plan Estrat\u00e9gico de Obras municipal, con apoyo del Ministerio de Obras P\u00fablicas.<\/p>\n<p>El Club Isaac Le\u00f3n Peretz fue fundado en 1940 por un grupo de inmigrantes jud\u00edos, residentes e industriales textiles, que lo abrieron a toda la comunidad, que alcanz\u00f3 con los a\u00f1os una matr\u00edcula de 3 mil socias y socios activos.<\/p>\n<p>Sin embargo, por problemas econ\u00f3micos cerr\u00f3 sus puertas en los a\u00f1os 90\u2019 y dos d\u00e9cadas despu\u00e9s fue adquirido por el municipio para iniciar su recuperaci\u00f3n edilicia.<\/p>\n<p>Tras 20 a\u00f1os de abandono, en 2019 volvi\u00f3 a abrir sus puertas a la comunidad como Centro Cultural y Deportivo Municipal, con una pileta climatizada semiol\u00edmpica de 25&#215;12, que tiene profundidad de 5 metros, 6 l\u00edneas de nataci\u00f3n y trampol\u00edn, 2 pasarelas de 1.80, ventilaci\u00f3n e iluminaci\u00f3n natural.<\/p>\n<p>Adem\u00e1s, en la primera etapa se hicieron nuevos vestuarios, sanitarios y duchas, directamente conectados a la pileta. Toda la obra contempl\u00f3 los anchos de paso, rampas, ascensores y medidas m\u00ednimas para personas con movilidad reducida.<\/p>\n","protected":false},"excerpt":{"rendered":"<p>El intendente de San Mart\u00edn, Fernando Moreira, inaugur\u00f3 la segunda etapa de remodelaci\u00f3n integral del Club Peretz; lo acompa\u00f1aron el ministro de Obras P\u00fablicas de la Naci\u00f3n, Gabriel Katopodis, la secretaria de Deportes de la Naci\u00f3n, In\u00e9s Arrondo, y el subsecretario de Deportes de la Provincia, Leandro Lurati. Los trabajos incluyeron la puesta en valor [&hellip;]<\/p>\n","protected":false},"author":1,"featured_media":21148,"comment_status":"closed","ping_status":"closed","sticky":false,"template":"","format":"standard","meta":{"footnotes":""},"categories":[70,20,24],"tags":[155,74,85],"class_list":{"0":"post-21147","1":"post","2":"type-post","3":"status-publish","4":"format-standard","5":"has-post-thumbnail","7":"category-las-mas-leidas","8":"category-municipios","9":"category-san-martin","10":"tag-deportes","11":"tag-fernando-moreira","12":"tag-gabriel-katopodis"},"aioseo_notices":[],"_links":{"self":[{"href":"https:\/\/guiadenoticias.com.ar\/diario\/wp-json\/wp\/v2\/posts\/21147","targetHints":{"allow":["GET"]}}],"collection":[{"href":"https:\/\/guiadenoticias.com.ar\/diario\/wp-json\/wp\/v2\/posts"}],"about":[{"href":"https:\/\/guiadenoticias.com.ar\/diario\/wp-json\/wp\/v2\/types\/post"}],"author":[{"embeddable":true,"href":"https:\/\/guiadenoticias.com.ar\/diario\/wp-json\/wp\/v2\/users\/1"}],"replies":[{"embeddable":true,"href":"https:\/\/guiadenoticias.com.ar\/diario\/wp-json\/wp\/v2\/comments?post=21147"}],"version-history":[{"count":1,"href":"https:\/\/guiadenoticias.com.ar\/diario\/wp-json\/wp\/v2\/posts\/21147\/revisions"}],"predecessor-version":[{"id":21149,"href":"https:\/\/guiadenoticias.com.ar\/diario\/wp-json\/wp\/v2\/posts\/21147\/revisions\/21149"}],"wp:featuredmedia":[{"embeddable":true,"href":"https:\/\/guiadenoticias.com.ar\/diario\/wp-json\/wp\/v2\/media\/21148"}],"wp:attachment":[{"href":"https:\/\/guiadenoticias.com.ar\/diario\/wp-json\/wp\/v2\/media?parent=21147"}],"wp:term":[{"taxonomy":"category","embeddable":true,"href":"https:\/\/guiadenoticias.com.ar\/diario\/wp-json\/wp\/v2\/categories?post=21147"},{"taxonomy":"post_tag","embeddable":true,"href":"https:\/\/guiadenoticias.com.ar\/diario\/wp-json\/wp\/v2\/tags?post=21147"}],"curies":[{"name":"wp","href":"https:\/\/api.w.org\/{rel}","templated":true}]}}