{"id":21319,"date":"2023-05-18T22:00:23","date_gmt":"2023-05-19T01:00:23","guid":{"rendered":"https:\/\/guiadenoticias.com.ar\/diario\/?p=21319"},"modified":"2023-05-25T23:01:04","modified_gmt":"2023-05-26T02:01:04","slug":"hicieron-viaje-de-prueba-del-tren-san-martin-hacia-el-oeste","status":"publish","type":"post","link":"https:\/\/guiadenoticias.com.ar\/diario\/hicieron-viaje-de-prueba-del-tren-san-martin-hacia-el-oeste\/","title":{"rendered":"Hicieron viaje de prueba del tren San Mart\u00edn hacia el oeste"},"content":{"rendered":"<p><strong>Trenes Argentinos realiz\u00f3 un viaje de prueba de un tren de pasajeros entre la intersecci\u00f3n de la Avenida Marconi y las v\u00edas, en el Palomar, y Haedo, con el objetivo de reactivar el ramal Caseros-Haedo y permitir la interconexi\u00f3n de los ferrocarriles Sarmiento y San Mart\u00edn.<\/strong><\/p>\n<p>El futuro servicio tendr\u00e1 tres paradas intermedias. Para esto construir\u00e1n tres apeaderos en Marconi, en Presidente Per\u00f3n -ex Gaona- y en Ema\u00fas (monumento H\u00e9roes de Malvinas), que contar\u00e1n con and\u00e9n elevado, refugio con techo, mobiliario urbano e iluminaci\u00f3n<\/p>\n<p>Del recorrido participaron Mart\u00edn Marinucci, presidente de Trenes Argentinos; Lucas Ghi, intendente de Mor\u00f3n; Luciano Haas, gerente de la l\u00ednea San Mart\u00edn; y Roberto Rocha, gerente del Sarmiento.<\/p>\n<p>En relaci\u00f3n con este anuncio, Marinucci se\u00f1al\u00f3 que \u201cesta obra permitir\u00e1 unir tres de las l\u00edneas m\u00e1s importantes del \u00c1rea Metropolitana de manera r\u00e1pida y accesible\u201d, adem\u00e1s, destac\u00f3 que \u201cseguimos trabajando junto con el ministro Diego Giuliano para ofrecer mejores alternativas de viaje sustentable, previsible, seguro y accesible a los ciudadanos y ciudadanas\u201c.<\/p>\n<p>En tanto, el jefe comunal indic\u00f3, \u201cla circulaci\u00f3n de trenes de pasajeros permitir\u00e1 mejorar la conectividad de este punto neur\u00e1lgico de la ciudad y de la regi\u00f3n\u201d. Asimismo dijo que \u201cla inauguraci\u00f3n representar\u00e1 un crecimiento significativo, cualitativa y cuantitativamente, en la optimizaci\u00f3n del tiempo y en la seguridad de desplazamiento de los vecinos y vecinas\u201d.<\/p>\n<p>Actualmente, se lleva a cabo la readecuaci\u00f3n de la infraestructura de v\u00edas y la colocaci\u00f3n del cerramiento perimetral tipo \u201cNew Jersey\u201d para garantizar la seguridad y reducir los riesgos de incidentes.<\/p>\n<p>Adicionalmente se intervienen los pasos a nivel Mariano Moreno, Marconi, Bergamini, Rosales, Margarita Corval\u00e1n y Presidente Per\u00f3n. El proyecto incluye la elevaci\u00f3n del and\u00e9n bajo de Haedo y la recuperaci\u00f3n del espacio p\u00fablico, sumando iluminaci\u00f3n para darle m\u00e1s confort y seguridad a los habitantes de las zonas aleda\u00f1as al ferrocarril.<\/p>\n","protected":false},"excerpt":{"rendered":"<p>Trenes Argentinos realiz\u00f3 un viaje de prueba de un tren de pasajeros entre la intersecci\u00f3n de la Avenida Marconi y las v\u00edas, en el Palomar, y Haedo, con el objetivo de reactivar el ramal Caseros-Haedo y permitir la interconexi\u00f3n de los ferrocarriles Sarmiento y San Mart\u00edn. El futuro servicio tendr\u00e1 tres paradas intermedias. Para esto [&hellip;]<\/p>\n","protected":false},"author":1,"featured_media":21320,"comment_status":"closed","ping_status":"closed","sticky":false,"template":"","format":"standard","meta":{"footnotes":""},"categories":[19,70],"tags":[73,210,246],"class_list":{"0":"post-21319","1":"post","2":"type-post","3":"status-publish","4":"format-standard","5":"has-post-thumbnail","7":"category-informacion-general","8":"category-las-mas-leidas","9":"tag-lucas-ghi","10":"tag-martin-marinucci","11":"tag-tren-san-martin"},"aioseo_notices":[],"_links":{"self":[{"href":"https:\/\/guiadenoticias.com.ar\/diario\/wp-json\/wp\/v2\/posts\/21319","targetHints":{"allow":["GET"]}}],"collection":[{"href":"https:\/\/guiadenoticias.com.ar\/diario\/wp-json\/wp\/v2\/posts"}],"about":[{"href":"https:\/\/guiadenoticias.com.ar\/diario\/wp-json\/wp\/v2\/types\/post"}],"author":[{"embeddable":true,"href":"https:\/\/guiadenoticias.com.ar\/diario\/wp-json\/wp\/v2\/users\/1"}],"replies":[{"embeddable":true,"href":"https:\/\/guiadenoticias.com.ar\/diario\/wp-json\/wp\/v2\/comments?post=21319"}],"version-history":[{"count":1,"href":"https:\/\/guiadenoticias.com.ar\/diario\/wp-json\/wp\/v2\/posts\/21319\/revisions"}],"predecessor-version":[{"id":21321,"href":"https:\/\/guiadenoticias.com.ar\/diario\/wp-json\/wp\/v2\/posts\/21319\/revisions\/21321"}],"wp:featuredmedia":[{"embeddable":true,"href":"https:\/\/guiadenoticias.com.ar\/diario\/wp-json\/wp\/v2\/media\/21320"}],"wp:attachment":[{"href":"https:\/\/guiadenoticias.com.ar\/diario\/wp-json\/wp\/v2\/media?parent=21319"}],"wp:term":[{"taxonomy":"category","embeddable":true,"href":"https:\/\/guiadenoticias.com.ar\/diario\/wp-json\/wp\/v2\/categories?post=21319"},{"taxonomy":"post_tag","embeddable":true,"href":"https:\/\/guiadenoticias.com.ar\/diario\/wp-json\/wp\/v2\/tags?post=21319"}],"curies":[{"name":"wp","href":"https:\/\/api.w.org\/{rel}","templated":true}]}}