{"id":21349,"date":"2023-05-19T11:00:31","date_gmt":"2023-05-19T14:00:31","guid":{"rendered":"https:\/\/guiadenoticias.com.ar\/diario\/?p=21349"},"modified":"2023-05-25T22:59:54","modified_gmt":"2023-05-26T01:59:54","slug":"zoom-en-diputados","status":"publish","type":"post","link":"https:\/\/guiadenoticias.com.ar\/diario\/zoom-en-diputados\/","title":{"rendered":"Zoom en Diputados"},"content":{"rendered":"<p>En diciembre terminan los mandatos de varios diputados de la Naci\u00f3n que tienen en la actualidad cargos relevantes en la C\u00e1mara Baja. Es as\u00ed que se ponen en juego, entre otros, las bancas de la presidenta de Diputados, la massista Cecilia Moreau; del titular del bloque del Frente de Todos, Germ\u00e1n Mart\u00ednez, y nada m\u00e1s y nada menos M\u00e1ximo Kirchner, quien descuentan estar\u00e1 presente en alguna lista legislativa.<\/p>\n<p>En Juntos por el Cambio vencen los mandatos del jefe de la UCR, el cordob\u00e9s Mario Negri; y el jefe del bloque PRO, Cristina Ritondo, cerca hoy de Patricia Bullrich, entre otros opositores.<\/p>\n<p><strong>Es un hecho que la elecci\u00f3n de octubre cambiar\u00e1 la conformaci\u00f3n de la C\u00e1mara. El Frente de Todos pone en juego 68 bancas; en el caso de JXC finalizan los mandatos de 55 personas. Asimismo el espacio peronista Unidad Federal compromete 4 de sus 8 bancas.<\/strong><\/p>\n","protected":false},"excerpt":{"rendered":"<p>En diciembre terminan los mandatos de varios diputados de la Naci\u00f3n que tienen en la actualidad cargos relevantes en la C\u00e1mara Baja. Es as\u00ed que se ponen en juego, entre otros, las bancas de la presidenta de Diputados, la massista Cecilia Moreau; del titular del bloque del Frente de Todos, Germ\u00e1n Mart\u00ednez, y nada m\u00e1s [&hellip;]<\/p>\n","protected":false},"author":1,"featured_media":21354,"comment_status":"closed","ping_status":"closed","sticky":false,"template":"","format":"standard","meta":{"footnotes":""},"categories":[30,48],"tags":[241,219,245,104,98],"class_list":{"0":"post-21349","1":"post","2":"type-post","3":"status-publish","4":"format-standard","5":"has-post-thumbnail","7":"category-nacion","8":"category-politica-argentina","9":"tag-camara-de-diputados","10":"tag-cecilia-moreau","11":"tag-elecciones-2023","12":"tag-frente-de-todos","13":"tag-juntos-por-el-cambio"},"aioseo_notices":[],"_links":{"self":[{"href":"https:\/\/guiadenoticias.com.ar\/diario\/wp-json\/wp\/v2\/posts\/21349","targetHints":{"allow":["GET"]}}],"collection":[{"href":"https:\/\/guiadenoticias.com.ar\/diario\/wp-json\/wp\/v2\/posts"}],"about":[{"href":"https:\/\/guiadenoticias.com.ar\/diario\/wp-json\/wp\/v2\/types\/post"}],"author":[{"embeddable":true,"href":"https:\/\/guiadenoticias.com.ar\/diario\/wp-json\/wp\/v2\/users\/1"}],"replies":[{"embeddable":true,"href":"https:\/\/guiadenoticias.com.ar\/diario\/wp-json\/wp\/v2\/comments?post=21349"}],"version-history":[{"count":1,"href":"https:\/\/guiadenoticias.com.ar\/diario\/wp-json\/wp\/v2\/posts\/21349\/revisions"}],"predecessor-version":[{"id":21351,"href":"https:\/\/guiadenoticias.com.ar\/diario\/wp-json\/wp\/v2\/posts\/21349\/revisions\/21351"}],"wp:featuredmedia":[{"embeddable":true,"href":"https:\/\/guiadenoticias.com.ar\/diario\/wp-json\/wp\/v2\/media\/21354"}],"wp:attachment":[{"href":"https:\/\/guiadenoticias.com.ar\/diario\/wp-json\/wp\/v2\/media?parent=21349"}],"wp:term":[{"taxonomy":"category","embeddable":true,"href":"https:\/\/guiadenoticias.com.ar\/diario\/wp-json\/wp\/v2\/categories?post=21349"},{"taxonomy":"post_tag","embeddable":true,"href":"https:\/\/guiadenoticias.com.ar\/diario\/wp-json\/wp\/v2\/tags?post=21349"}],"curies":[{"name":"wp","href":"https:\/\/api.w.org\/{rel}","templated":true}]}}