{"id":21359,"date":"2023-05-25T21:00:12","date_gmt":"2023-05-26T00:00:12","guid":{"rendered":"https:\/\/guiadenoticias.com.ar\/diario\/?p=21359"},"modified":"2023-05-26T21:16:47","modified_gmt":"2023-05-27T00:16:47","slug":"la-vicepresidenta-le-tiro-la-pelota-a-la-dirigencia-k","status":"publish","type":"post","link":"https:\/\/guiadenoticias.com.ar\/diario\/la-vicepresidenta-le-tiro-la-pelota-a-la-dirigencia-k\/","title":{"rendered":"La vicepresidenta le tir\u00f3 la pelota a la dirigencia K"},"content":{"rendered":"<p>La vicepresidenta Cristina Fern\u00e1ndez de Kirchner advirti\u00f3 en el acto del 25 de mayo que aunque \u00abhagan lo que le hagan\u00bb, la quieran matar o meter presa, ella \u00abes del pueblo\u00bb y llam\u00f3 a fundar un nuevo \u00abpacto democr\u00e1tico\u00bb con todos los sectores pol\u00edticos.<\/p>\n<p>Acompa\u00f1ada en el escenario por funcionarios, los gobernadores Axel Kicillof y Alicia Kirchner, los ministros Sergio Massa y Eduardo \u201cWado\u201d de Pedro; legisladores y dirigentes del oficialismo, y por sus nietos Mar\u00eda Emilia y N\u00e9stor Iv\u00e1n, hijos del diputado M\u00e1ximo Kirchner, quienes se mostraron con ella por primera vez en un acto pol\u00edtico, la ex presidenta propuso \u00abtres ejes\u00bb para la etapa que viene, aunque no dijo directamente ning\u00fan nombre en particular.<\/p>\n<p>En ese marco destac\u00f3 que el pr\u00e9stamo de ese organismo otorgado en 2018 fue de car\u00e1cter \u00abpol\u00edtico\u00bb, por lo que \u00abpol\u00edtica tiene que ser la soluci\u00f3n\u00bb, y cit\u00f3 a N\u00e9stor Kirchner cuando \u00abdec\u00eda que los muertos no pagan la deuda\u00bb.<\/p>\n<p>\u00ab\u00bfCreen que van a poder pagarlo \u00fanicamente con commodities? No, olv\u00eddense de eso porque adem\u00e1s, las commodities las terminan regulando los flujos financieros y siempre te acomodan para seguir debiendo. Es imprescindible unidad nacional frente a eso\u201d.<\/p>\n<p>En ese tramo hizo una descripci\u00f3n de la herencia econ\u00f3mica que atribuy\u00f3 a la gesti\u00f3n de Macri. Dijo que entre 2015 y 2019, el PBI de la Argentina medido en d\u00f3lares se redujo en 200.000 millones y que el gobierno de Cambiemos dej\u00f3 \u00ab120.000 millones de d\u00f3lares m\u00e1s de deuda\u00bb.<\/p>\n<p>En materia econ\u00f3mica, uno de los aspectos que puso sobre la mesa es \u00abuna alianza p\u00fablico-privado para agregar valor e incorporar tecnolog\u00eda\u00bb y volvi\u00f3 a alertar sobre el riesgo de recaer en las ideas neoliberales, a la que defini\u00f3 como \u00abesa doctrina que sostiene que el mercado y lo privado todo lo resuelven\u00bb.<\/p>\n<p>Tambi\u00e9n resalt\u00f3: \u00abSi no logramos que ese programa que el FMI impone a sus deudores sea dejado de lado y nos permita un programa propio de crecimiento, va a ser imposible pagarlo\u00bb<\/p>\n<p>En uno de los momentos esperados por los asistentes, Cristina Fern\u00e1ndez apunt\u00f3 contra la Corte Suprema, es \u00abun mamarracho indigno\u00bb, asever\u00f3. Plante\u00f3 que \u00ablos argentinos se merecen\u00bb un m\u00e1ximo tribunal que \u00absea llamado como tal sin ponerse colorado\u201d.<\/p>\n<p>M\u00e1s adelante, habl\u00f3 de la gesti\u00f3n actual del Frente de Todos y en ese momento aludi\u00f3 a \u00abtodas las diferencias que he tenido y que tengo y que no es necesario explicitarlas\u00bb y record\u00f3 que ella ya las hizo p\u00fablicas.<\/p>\n<p>En di\u00e1logo directo a la militancia coment\u00f3 que no olvidaba \u00abla Plaza de la calabaza del 9 de diciembre de 2015, cuando nos despedimos, no para siempre\u00bb.<\/p>\n","protected":false},"excerpt":{"rendered":"<p>La vicepresidenta Cristina Fern\u00e1ndez de Kirchner advirti\u00f3 en el acto del 25 de mayo que aunque \u00abhagan lo que le hagan\u00bb, la quieran matar o meter presa, ella \u00abes del pueblo\u00bb y llam\u00f3 a fundar un nuevo \u00abpacto democr\u00e1tico\u00bb con todos los sectores pol\u00edticos. Acompa\u00f1ada en el escenario por funcionarios, los gobernadores Axel Kicillof y [&hellip;]<\/p>\n","protected":false},"author":1,"featured_media":21360,"comment_status":"closed","ping_status":"closed","sticky":false,"template":"","format":"standard","meta":{"footnotes":""},"categories":[30,48],"tags":[83,88,104,87],"class_list":{"0":"post-21359","1":"post","2":"type-post","3":"status-publish","4":"format-standard","5":"has-post-thumbnail","7":"category-nacion","8":"category-politica-argentina","9":"tag-axel-kicillof","10":"tag-cristina-fernandez","11":"tag-frente-de-todos","12":"tag-sergio-massa"},"aioseo_notices":[],"_links":{"self":[{"href":"https:\/\/guiadenoticias.com.ar\/diario\/wp-json\/wp\/v2\/posts\/21359","targetHints":{"allow":["GET"]}}],"collection":[{"href":"https:\/\/guiadenoticias.com.ar\/diario\/wp-json\/wp\/v2\/posts"}],"about":[{"href":"https:\/\/guiadenoticias.com.ar\/diario\/wp-json\/wp\/v2\/types\/post"}],"author":[{"embeddable":true,"href":"https:\/\/guiadenoticias.com.ar\/diario\/wp-json\/wp\/v2\/users\/1"}],"replies":[{"embeddable":true,"href":"https:\/\/guiadenoticias.com.ar\/diario\/wp-json\/wp\/v2\/comments?post=21359"}],"version-history":[{"count":1,"href":"https:\/\/guiadenoticias.com.ar\/diario\/wp-json\/wp\/v2\/posts\/21359\/revisions"}],"predecessor-version":[{"id":21361,"href":"https:\/\/guiadenoticias.com.ar\/diario\/wp-json\/wp\/v2\/posts\/21359\/revisions\/21361"}],"wp:featuredmedia":[{"embeddable":true,"href":"https:\/\/guiadenoticias.com.ar\/diario\/wp-json\/wp\/v2\/media\/21360"}],"wp:attachment":[{"href":"https:\/\/guiadenoticias.com.ar\/diario\/wp-json\/wp\/v2\/media?parent=21359"}],"wp:term":[{"taxonomy":"category","embeddable":true,"href":"https:\/\/guiadenoticias.com.ar\/diario\/wp-json\/wp\/v2\/categories?post=21359"},{"taxonomy":"post_tag","embeddable":true,"href":"https:\/\/guiadenoticias.com.ar\/diario\/wp-json\/wp\/v2\/tags?post=21359"}],"curies":[{"name":"wp","href":"https:\/\/api.w.org\/{rel}","templated":true}]}}