{"id":21368,"date":"2023-05-22T14:00:17","date_gmt":"2023-05-22T17:00:17","guid":{"rendered":"https:\/\/guiadenoticias.com.ar\/diario\/?p=21368"},"modified":"2023-05-26T23:11:05","modified_gmt":"2023-05-27T02:11:05","slug":"inauguraron-el-octavo-tunel-de-san-fernando","status":"publish","type":"post","link":"https:\/\/guiadenoticias.com.ar\/diario\/inauguraron-el-octavo-tunel-de-san-fernando\/","title":{"rendered":"Inauguraron el octavo t\u00fanel de San Fernando"},"content":{"rendered":"<p><strong>El intendente Juan Andreotti y los ministros de Econom\u00eda y de Transporte de la Naci\u00f3n, Sergio Massa y Diego Giuliano, respectivamente, dieron apertura al T\u00fanel de los Campeones del Mundo, el octavo paso bajo nivel de San Fernando.<\/strong><\/p>\n<p>\u201cEste t\u00fanel devuelve su tiempo a los vecinos para que lo disfruten, brinda m\u00e1s seguridad y mejora la calidad de vida en la zona\u201d, dijo el jefe comunal. Tambi\u00e9n acompa\u00f1aron la inauguraci\u00f3n la presidenta de la C\u00e1mara de Diputados, Cecilia Moreau, la titular de AySA, Malena Galmarini, y la diputada Alicia Aparicio, entre otras autoridades.<\/p>\n<p>El bajo nivel une la avenida Sobremonte que va de norte a sur del Gran Buenos Aires, uniendo San Isidro con Tigre. A\u00f1adi\u00f3 que \u201ceste es el octavo t\u00fanel, los siete anteriores unen el este y el oeste del distrito, y tambi\u00e9n igualan las oportunidades\u201d.<\/p>\n<p>A su vez, Massa, destac\u00f3: \u201cNunca olvidar\u00e9 cuando con Luis Andreotti arrancamos a trabajar juntos y recorr\u00edamos las calles de San Fernando, propon\u00eda construir el primer t\u00fanel y le dec\u00edan que era imposible, y este ya es el octavo que construye esta gesti\u00f3n junto a los polideportivos, espacios verdes, el cuidado del medio ambiente y del espacio p\u00fablico, para la seguridad y la conectividad\u201d.<\/p>\n<p>En un tono claramente electoral, el ministro agreg\u00f3 que \u201cno soy de los que se asustan frente a un desaf\u00edo. Cuando hab\u00eda que agarrar la papa caliente y muchos de los que hoy se pasean por los canales hablando de candidaturas se met\u00edan abajo de la cama, nos paramos, pusimos el cuerpo y nos hicimos cargo\u00bb.<\/p>\n<p>\u00abSeguiremos trabajando, no pensando en lugares personales, sino en el sue\u00f1o colectivo de construir un San Fernando mejor, una provincia mejor y una Argentina mejor. No importa el lugar que nos toque, estamos para poner el hombro\u00bb, concluy\u00f3.<\/p>\n","protected":false},"excerpt":{"rendered":"<p>El intendente Juan Andreotti y los ministros de Econom\u00eda y de Transporte de la Naci\u00f3n, Sergio Massa y Diego Giuliano, respectivamente, dieron apertura al T\u00fanel de los Campeones del Mundo, el octavo paso bajo nivel de San Fernando. \u201cEste t\u00fanel devuelve su tiempo a los vecinos para que lo disfruten, brinda m\u00e1s seguridad y mejora [&hellip;]<\/p>\n","protected":false},"author":1,"featured_media":21369,"comment_status":"closed","ping_status":"closed","sticky":false,"template":"","format":"standard","meta":{"footnotes":""},"categories":[20,22],"tags":[76,91,144,87],"class_list":{"0":"post-21368","1":"post","2":"type-post","3":"status-publish","4":"format-standard","5":"has-post-thumbnail","7":"category-municipios","8":"category-san-fernando","9":"tag-juan-andreotti","10":"tag-malena-galmarini","11":"tag-obras-publicas","12":"tag-sergio-massa"},"aioseo_notices":[],"_links":{"self":[{"href":"https:\/\/guiadenoticias.com.ar\/diario\/wp-json\/wp\/v2\/posts\/21368","targetHints":{"allow":["GET"]}}],"collection":[{"href":"https:\/\/guiadenoticias.com.ar\/diario\/wp-json\/wp\/v2\/posts"}],"about":[{"href":"https:\/\/guiadenoticias.com.ar\/diario\/wp-json\/wp\/v2\/types\/post"}],"author":[{"embeddable":true,"href":"https:\/\/guiadenoticias.com.ar\/diario\/wp-json\/wp\/v2\/users\/1"}],"replies":[{"embeddable":true,"href":"https:\/\/guiadenoticias.com.ar\/diario\/wp-json\/wp\/v2\/comments?post=21368"}],"version-history":[{"count":1,"href":"https:\/\/guiadenoticias.com.ar\/diario\/wp-json\/wp\/v2\/posts\/21368\/revisions"}],"predecessor-version":[{"id":21370,"href":"https:\/\/guiadenoticias.com.ar\/diario\/wp-json\/wp\/v2\/posts\/21368\/revisions\/21370"}],"wp:featuredmedia":[{"embeddable":true,"href":"https:\/\/guiadenoticias.com.ar\/diario\/wp-json\/wp\/v2\/media\/21369"}],"wp:attachment":[{"href":"https:\/\/guiadenoticias.com.ar\/diario\/wp-json\/wp\/v2\/media?parent=21368"}],"wp:term":[{"taxonomy":"category","embeddable":true,"href":"https:\/\/guiadenoticias.com.ar\/diario\/wp-json\/wp\/v2\/categories?post=21368"},{"taxonomy":"post_tag","embeddable":true,"href":"https:\/\/guiadenoticias.com.ar\/diario\/wp-json\/wp\/v2\/tags?post=21368"}],"curies":[{"name":"wp","href":"https:\/\/api.w.org\/{rel}","templated":true}]}}