{"id":21414,"date":"2023-06-08T20:00:10","date_gmt":"2023-06-08T23:00:10","guid":{"rendered":"https:\/\/guiadenoticias.com.ar\/diario\/?p=21414"},"modified":"2023-06-11T21:44:48","modified_gmt":"2023-06-12T00:44:48","slug":"ghi-y-kreplak-entregaron-nueva-ambulancia-al-same","status":"publish","type":"post","link":"https:\/\/guiadenoticias.com.ar\/diario\/ghi-y-kreplak-entregaron-nueva-ambulancia-al-same\/","title":{"rendered":"Ghi y Kreplak entregaron nueva ambulancia al SAME"},"content":{"rendered":"<p>En una visita a la unidad de v\u00edas respiratorias, el intendente de Mor\u00f3n, Lucas Ghi, y el ministro de Salud bonaerense, Nicol\u00e1s Kreplak, entregaron un nuevo m\u00f3vil de alta complejidad para fortalecer la atenci\u00f3n del SAME local. Adem\u00e1s, firmaron un convenio para la reconstrucci\u00f3n del Centro de Atenci\u00f3n Primaria de Salud Almafuerte de Mor\u00f3n sur.<\/p>\n<p>El nuevo m\u00f3vil representa un avance en la capacidad de respuesta ante situaciones de emergencia, para brindar a los vecinos una atenci\u00f3n r\u00e1pida.<\/p>\n<p>El jefe comunal destac\u00f3 el trabajo conjunto entre el gobierno provincial y el local para fortalecer el sistema de salud local. Al respecto, expres\u00f3 que \u201cnos llena de orgullo el equipo de hombres y mujeres que tenemos en el SAME. Esta nueva ambulancia viene a fortalecer la capacidad de gesti\u00f3n\u201d. En tanto que tambi\u00e9n destac\u00f3 las nuevas obras en el CAPS Almafuerte.<\/p>\n<p>Por su parte, Kreplak destac\u00f3 que \u201choy entregamos la ambulancia 152 desde que Axel Kicillof es gobernador. Son unidades 0 kil\u00f3metro, totalmente equipadas, para fortalecer el sistema de derivaciones local y regional. Adem\u00e1s, ampliamos el primer nivel. Ya inauguramos 140 CAPS desde 2020 y hoy firmamos el convenio para construir uno m\u00e1s para Mor\u00f3n\u201d, y a\u00f1adi\u00f3, \u201ccuando los territorios crecen, la salud, la educaci\u00f3n tienen que crecer a la par y eso lo hace a un Estado presente\u201d.<\/p>\n","protected":false},"excerpt":{"rendered":"<p>En una visita a la unidad de v\u00edas respiratorias, el intendente de Mor\u00f3n, Lucas Ghi, y el ministro de Salud bonaerense, Nicol\u00e1s Kreplak, entregaron un nuevo m\u00f3vil de alta complejidad para fortalecer la atenci\u00f3n del SAME local. Adem\u00e1s, firmaron un convenio para la reconstrucci\u00f3n del Centro de Atenci\u00f3n Primaria de Salud Almafuerte de Mor\u00f3n sur. [&hellip;]<\/p>\n","protected":false},"author":1,"featured_media":21415,"comment_status":"closed","ping_status":"closed","sticky":false,"template":"","format":"standard","meta":{"footnotes":""},"categories":[28,20],"tags":[73,80],"class_list":{"0":"post-21414","1":"post","2":"type-post","3":"status-publish","4":"format-standard","5":"has-post-thumbnail","7":"category-moron","8":"category-municipios","9":"tag-lucas-ghi","10":"tag-salud"},"aioseo_notices":[],"_links":{"self":[{"href":"https:\/\/guiadenoticias.com.ar\/diario\/wp-json\/wp\/v2\/posts\/21414","targetHints":{"allow":["GET"]}}],"collection":[{"href":"https:\/\/guiadenoticias.com.ar\/diario\/wp-json\/wp\/v2\/posts"}],"about":[{"href":"https:\/\/guiadenoticias.com.ar\/diario\/wp-json\/wp\/v2\/types\/post"}],"author":[{"embeddable":true,"href":"https:\/\/guiadenoticias.com.ar\/diario\/wp-json\/wp\/v2\/users\/1"}],"replies":[{"embeddable":true,"href":"https:\/\/guiadenoticias.com.ar\/diario\/wp-json\/wp\/v2\/comments?post=21414"}],"version-history":[{"count":1,"href":"https:\/\/guiadenoticias.com.ar\/diario\/wp-json\/wp\/v2\/posts\/21414\/revisions"}],"predecessor-version":[{"id":21416,"href":"https:\/\/guiadenoticias.com.ar\/diario\/wp-json\/wp\/v2\/posts\/21414\/revisions\/21416"}],"wp:featuredmedia":[{"embeddable":true,"href":"https:\/\/guiadenoticias.com.ar\/diario\/wp-json\/wp\/v2\/media\/21415"}],"wp:attachment":[{"href":"https:\/\/guiadenoticias.com.ar\/diario\/wp-json\/wp\/v2\/media?parent=21414"}],"wp:term":[{"taxonomy":"category","embeddable":true,"href":"https:\/\/guiadenoticias.com.ar\/diario\/wp-json\/wp\/v2\/categories?post=21414"},{"taxonomy":"post_tag","embeddable":true,"href":"https:\/\/guiadenoticias.com.ar\/diario\/wp-json\/wp\/v2\/tags?post=21414"}],"curies":[{"name":"wp","href":"https:\/\/api.w.org\/{rel}","templated":true}]}}