{"id":21460,"date":"2023-06-25T12:00:36","date_gmt":"2023-06-25T15:00:36","guid":{"rendered":"https:\/\/guiadenoticias.com.ar\/diario\/?p=21460"},"modified":"2023-06-26T02:22:28","modified_gmt":"2023-06-26T05:22:28","slug":"valenzuela-se-postula-en-3f-y-habria-interna-de-jxc","status":"publish","type":"post","link":"https:\/\/guiadenoticias.com.ar\/diario\/valenzuela-se-postula-en-3f-y-habria-interna-de-jxc\/","title":{"rendered":"Valenzuela se postula en 3F y habr\u00eda interna de JxC"},"content":{"rendered":"<p>El intendente Diego Valenzuela buscar\u00e1 un nuevo mandato. Primero, el 13 de agosto, la boleta local de Juntos por el Cambio tendr\u00eda &#8211; en principio &#8211; en el cuarto oscuro dos propuestas: la del actual oficialismo y la del espacio de Bullrich.<\/p>\n<p>Acompa\u00f1ar\u00e1n al jefe comunal como precandidatos a concejales Rodrigo Aybar, docente y actualmente se desempe\u00f1a como secretario de Ambiente y Servicios P\u00fablicos del municipio; Mar\u00eda de los \u00c1ngeles Berardi, la ex directora del Instituto P\u00edo XII, de Villa Bosch, buscar\u00e1 su reelecci\u00f3n; y en tercer lugar est\u00e1 el actual presidente del HCD, Juan Carlos Berns, uno de los armadores iniciales del macrismo.<\/p>\n<p>Tambi\u00e9n forman parte Sof\u00eda Schiavo, Pablo Casna, Lorena Ferraso y Mat\u00edas Torres, entre otros. Al tope de precandidatos a consejeros escolares va Federico Sfogia<\/p>\n<p>Mientras que la otra lista presentada por JxC est\u00e1 encabezada por Gustavo Spalletti. Finalmente, el nombre de Patricia Rodr\u00edguez no aparece en la boleta local. Los precandidatos a ediles son Juan Carlos Ochiuzzi, Laura Nelli, Sergio Berg y Mar\u00eda Sof\u00eda Echague, quien busca la reelecci\u00f3n; por los consejeros escolares se anotaron Carlos Toniollo e Iris Montero Peralta, entre otros.<\/p>\n","protected":false},"excerpt":{"rendered":"<p>El intendente Diego Valenzuela buscar\u00e1 un nuevo mandato. Primero, el 13 de agosto, la boleta local de Juntos por el Cambio tendr\u00eda &#8211; en principio &#8211; en el cuarto oscuro dos propuestas: la del actual oficialismo y la del espacio de Bullrich. Acompa\u00f1ar\u00e1n al jefe comunal como precandidatos a concejales Rodrigo Aybar, docente y actualmente [&hellip;]<\/p>\n","protected":false},"author":1,"featured_media":21465,"comment_status":"closed","ping_status":"closed","sticky":false,"template":"","format":"standard","meta":{"footnotes":""},"categories":[20,48,26],"tags":[72,245,98],"class_list":{"0":"post-21460","1":"post","2":"type-post","3":"status-publish","4":"format-standard","5":"has-post-thumbnail","7":"category-municipios","8":"category-politica-argentina","9":"category-tres-de-febrero","10":"tag-diego-valenzuela","11":"tag-elecciones-2023","12":"tag-juntos-por-el-cambio"},"aioseo_notices":[],"_links":{"self":[{"href":"https:\/\/guiadenoticias.com.ar\/diario\/wp-json\/wp\/v2\/posts\/21460","targetHints":{"allow":["GET"]}}],"collection":[{"href":"https:\/\/guiadenoticias.com.ar\/diario\/wp-json\/wp\/v2\/posts"}],"about":[{"href":"https:\/\/guiadenoticias.com.ar\/diario\/wp-json\/wp\/v2\/types\/post"}],"author":[{"embeddable":true,"href":"https:\/\/guiadenoticias.com.ar\/diario\/wp-json\/wp\/v2\/users\/1"}],"replies":[{"embeddable":true,"href":"https:\/\/guiadenoticias.com.ar\/diario\/wp-json\/wp\/v2\/comments?post=21460"}],"version-history":[{"count":1,"href":"https:\/\/guiadenoticias.com.ar\/diario\/wp-json\/wp\/v2\/posts\/21460\/revisions"}],"predecessor-version":[{"id":21462,"href":"https:\/\/guiadenoticias.com.ar\/diario\/wp-json\/wp\/v2\/posts\/21460\/revisions\/21462"}],"wp:featuredmedia":[{"embeddable":true,"href":"https:\/\/guiadenoticias.com.ar\/diario\/wp-json\/wp\/v2\/media\/21465"}],"wp:attachment":[{"href":"https:\/\/guiadenoticias.com.ar\/diario\/wp-json\/wp\/v2\/media?parent=21460"}],"wp:term":[{"taxonomy":"category","embeddable":true,"href":"https:\/\/guiadenoticias.com.ar\/diario\/wp-json\/wp\/v2\/categories?post=21460"},{"taxonomy":"post_tag","embeddable":true,"href":"https:\/\/guiadenoticias.com.ar\/diario\/wp-json\/wp\/v2\/tags?post=21460"}],"curies":[{"name":"wp","href":"https:\/\/api.w.org\/{rel}","templated":true}]}}