{"id":21476,"date":"2023-06-26T11:00:23","date_gmt":"2023-06-26T14:00:23","guid":{"rendered":"https:\/\/guiadenoticias.com.ar\/diario\/?p=21476"},"modified":"2023-06-29T02:58:49","modified_gmt":"2023-06-29T05:58:49","slug":"ghi-va-por-la-reeleccion-con-lista-de-unidad","status":"publish","type":"post","link":"https:\/\/guiadenoticias.com.ar\/diario\/ghi-va-por-la-reeleccion-con-lista-de-unidad\/","title":{"rendered":"Ghi busca la reelecci\u00f3n con lista de unidad"},"content":{"rendered":"<p>El oficialismo de Mor\u00f3n present\u00f3 la lista con la que participar\u00e1 en las PASO que se desarrollar\u00e1n el pr\u00f3ximo 13 de agosto y pondr\u00e1n en juego 12 bancas del Concejo Deliberante y 5 del Consejo Escolar. En este sentido, el intendente Lucas Ghi buscar\u00e1 su reelecci\u00f3n, mientras que la n\u00f3mina de precandidatos y precandidatas a concejales de Uni\u00f3n por la Patria (UP) estar\u00e1 encabezada por Diego Spina e integrada por referentes de todos los espacios. Mabel Mesa va primera en la boleta del Consejo Escolar.<\/p>\n<p>Spina, hist\u00f3rico dirigente de Nuevo Encuentro, es el actual secretario de Obras P\u00fablicas y cuenta con un amplio recorrido en la gesti\u00f3n p\u00fablica. Los primeros lugares corresponden a Lorena Acevedo (Frente Renovador), Claudio Rom\u00e1n (Partido Justicialista), Florencia de Luca (Nuevo Encuentro), Marcelo Notario (CGT \u2013 Camioneros), Vanina Moro (Movimiento Evita) y el actual presidente del HCD, Marcelo Gonz\u00e1lez (Frente Renovador), entre otros.<\/p>\n<p>Para el Consejo Escolar se postulan al tope Mabel Mesa, Sebasti\u00e1n Gonz\u00e1lez (Frente Renovador) y Aixa Sosa (La C\u00e1mpora).<\/p>\n","protected":false},"excerpt":{"rendered":"<p>El oficialismo de Mor\u00f3n present\u00f3 la lista con la que participar\u00e1 en las PASO que se desarrollar\u00e1n el pr\u00f3ximo 13 de agosto y pondr\u00e1n en juego 12 bancas del Concejo Deliberante y 5 del Consejo Escolar. En este sentido, el intendente Lucas Ghi buscar\u00e1 su reelecci\u00f3n, mientras que la n\u00f3mina de precandidatos y precandidatas a [&hellip;]<\/p>\n","protected":false},"author":1,"featured_media":21477,"comment_status":"closed","ping_status":"closed","sticky":false,"template":"","format":"standard","meta":{"footnotes":""},"categories":[28,20,48],"tags":[245,73,248],"class_list":{"0":"post-21476","1":"post","2":"type-post","3":"status-publish","4":"format-standard","5":"has-post-thumbnail","7":"category-moron","8":"category-municipios","9":"category-politica-argentina","10":"tag-elecciones-2023","11":"tag-lucas-ghi","12":"tag-union-por-la-patria"},"aioseo_notices":[],"_links":{"self":[{"href":"https:\/\/guiadenoticias.com.ar\/diario\/wp-json\/wp\/v2\/posts\/21476","targetHints":{"allow":["GET"]}}],"collection":[{"href":"https:\/\/guiadenoticias.com.ar\/diario\/wp-json\/wp\/v2\/posts"}],"about":[{"href":"https:\/\/guiadenoticias.com.ar\/diario\/wp-json\/wp\/v2\/types\/post"}],"author":[{"embeddable":true,"href":"https:\/\/guiadenoticias.com.ar\/diario\/wp-json\/wp\/v2\/users\/1"}],"replies":[{"embeddable":true,"href":"https:\/\/guiadenoticias.com.ar\/diario\/wp-json\/wp\/v2\/comments?post=21476"}],"version-history":[{"count":2,"href":"https:\/\/guiadenoticias.com.ar\/diario\/wp-json\/wp\/v2\/posts\/21476\/revisions"}],"predecessor-version":[{"id":21490,"href":"https:\/\/guiadenoticias.com.ar\/diario\/wp-json\/wp\/v2\/posts\/21476\/revisions\/21490"}],"wp:featuredmedia":[{"embeddable":true,"href":"https:\/\/guiadenoticias.com.ar\/diario\/wp-json\/wp\/v2\/media\/21477"}],"wp:attachment":[{"href":"https:\/\/guiadenoticias.com.ar\/diario\/wp-json\/wp\/v2\/media?parent=21476"}],"wp:term":[{"taxonomy":"category","embeddable":true,"href":"https:\/\/guiadenoticias.com.ar\/diario\/wp-json\/wp\/v2\/categories?post=21476"},{"taxonomy":"post_tag","embeddable":true,"href":"https:\/\/guiadenoticias.com.ar\/diario\/wp-json\/wp\/v2\/tags?post=21476"}],"curies":[{"name":"wp","href":"https:\/\/api.w.org\/{rel}","templated":true}]}}