{"id":21484,"date":"2023-06-26T12:00:25","date_gmt":"2023-06-26T15:00:25","guid":{"rendered":"https:\/\/guiadenoticias.com.ar\/diario\/?p=21484"},"modified":"2023-06-29T02:54:32","modified_gmt":"2023-06-29T05:54:32","slug":"fernando-moreira-va-por-su-mandato","status":"publish","type":"post","link":"https:\/\/guiadenoticias.com.ar\/diario\/fernando-moreira-va-por-su-mandato\/","title":{"rendered":"Fernando Moreira va por su mandato"},"content":{"rendered":"<p><strong>El oficialismo presentar\u00e1 una propuesta electoral encabezada por el intendente Fernando Moreira. A su vez, la lista de concejales est\u00e1 encabezada como en 2021 por Nancy Cappelloni. En una boleta que refleja el acuerdo nacional, le siguen a Cappelloni, Juan Eslaiman (Frente Renovador) y Victoria Pastori (La C\u00e1mpora).<\/strong><\/p>\n<p>Diego Perrella, el ex presidente del Concejo Deliberante, est\u00e1 en el cuarto lugar, seguido por la gremialista Victoria Olalla. La lista del Consejo Escolar es encabezada por Jonathan Cifelli.<\/p>\n<p>Por su parte, el jefe de Gabinete, Jos\u00e9 Mar\u00eda Fern\u00e1ndez, firm\u00f3 en el s\u00e9ptimo lugar de la lista de diputados provinciales.<\/p>\n<p>Hasta el momento habr\u00e1 interna en UxP, ya que el diputado nacional del Movimiento Evita Leonardo Grosso est\u00e1 anotado para competir en las PASO contra el intendente Moreira. La primera precandidata a concejal ser\u00e1 Carolina Pedelacq.<\/p>\n","protected":false},"excerpt":{"rendered":"<p>El oficialismo presentar\u00e1 una propuesta electoral encabezada por el intendente Fernando Moreira. A su vez, la lista de concejales est\u00e1 encabezada como en 2021 por Nancy Cappelloni. En una boleta que refleja el acuerdo nacional, le siguen a Cappelloni, Juan Eslaiman (Frente Renovador) y Victoria Pastori (La C\u00e1mpora). Diego Perrella, el ex presidente del Concejo [&hellip;]<\/p>\n","protected":false},"author":1,"featured_media":14584,"comment_status":"closed","ping_status":"closed","sticky":false,"template":"","format":"standard","meta":{"footnotes":""},"categories":[20,48,24],"tags":[245,74,85,248],"class_list":{"0":"post-21484","1":"post","2":"type-post","3":"status-publish","4":"format-standard","5":"has-post-thumbnail","7":"category-municipios","8":"category-politica-argentina","9":"category-san-martin","10":"tag-elecciones-2023","11":"tag-fernando-moreira","12":"tag-gabriel-katopodis","13":"tag-union-por-la-patria"},"aioseo_notices":[],"_links":{"self":[{"href":"https:\/\/guiadenoticias.com.ar\/diario\/wp-json\/wp\/v2\/posts\/21484","targetHints":{"allow":["GET"]}}],"collection":[{"href":"https:\/\/guiadenoticias.com.ar\/diario\/wp-json\/wp\/v2\/posts"}],"about":[{"href":"https:\/\/guiadenoticias.com.ar\/diario\/wp-json\/wp\/v2\/types\/post"}],"author":[{"embeddable":true,"href":"https:\/\/guiadenoticias.com.ar\/diario\/wp-json\/wp\/v2\/users\/1"}],"replies":[{"embeddable":true,"href":"https:\/\/guiadenoticias.com.ar\/diario\/wp-json\/wp\/v2\/comments?post=21484"}],"version-history":[{"count":1,"href":"https:\/\/guiadenoticias.com.ar\/diario\/wp-json\/wp\/v2\/posts\/21484\/revisions"}],"predecessor-version":[{"id":21485,"href":"https:\/\/guiadenoticias.com.ar\/diario\/wp-json\/wp\/v2\/posts\/21484\/revisions\/21485"}],"wp:featuredmedia":[{"embeddable":true,"href":"https:\/\/guiadenoticias.com.ar\/diario\/wp-json\/wp\/v2\/media\/14584"}],"wp:attachment":[{"href":"https:\/\/guiadenoticias.com.ar\/diario\/wp-json\/wp\/v2\/media?parent=21484"}],"wp:term":[{"taxonomy":"category","embeddable":true,"href":"https:\/\/guiadenoticias.com.ar\/diario\/wp-json\/wp\/v2\/categories?post=21484"},{"taxonomy":"post_tag","embeddable":true,"href":"https:\/\/guiadenoticias.com.ar\/diario\/wp-json\/wp\/v2\/tags?post=21484"}],"curies":[{"name":"wp","href":"https:\/\/api.w.org\/{rel}","templated":true}]}}