{"id":21494,"date":"2023-06-30T18:00:56","date_gmt":"2023-06-30T21:00:56","guid":{"rendered":"https:\/\/guiadenoticias.com.ar\/diario\/?p=21494"},"modified":"2023-07-09T23:47:26","modified_gmt":"2023-07-10T02:47:26","slug":"unidad-movil-de-recoleccion-de-residuos-especiales-recorre-los-barrios","status":"publish","type":"post","link":"https:\/\/guiadenoticias.com.ar\/diario\/unidad-movil-de-recoleccion-de-residuos-especiales-recorre-los-barrios\/","title":{"rendered":"Unidad m\u00f3vil de recolecci\u00f3n de residuos especiales recorre los barrios"},"content":{"rendered":"<p>El municipio de San Isidro ampli\u00f3 su programa de recolecci\u00f3n de residuos, para que reciclar sea cada vez m\u00e1s f\u00e1cil. En este sentido, una unidad m\u00f3vil especial recorrer\u00e1 los barrios para que los vecinos depositen pilas, bater\u00edas, basura electr\u00f3nica y textiles. El lunes 3 de julio estar\u00e1 en la plaza Lourdes de Beccar (Haedo y Posadas), de 10 a 14 horas.<\/p>\n<p>CPU viejas, notebooks, monitores, teclados, mouse e impresoras, son algunos de los aparatos que se reciben. Con esta acci\u00f3n se logra un triple objetivo: evitar la contaminaci\u00f3n ambiental; que los vecinos puedan donar aquellos equipos que ya no utilizan; y convertir estos elementos en desuso en computadoras nuevas que luego se entregar\u00e1n a distintas instituciones locales que las necesitan.<\/p>\n<p>Las pilas y bater\u00edas constituyen la porci\u00f3n m\u00e1s t\u00f3xica de estos residuos, ya que contienen componentes como zinc, \u00f3xido de manganeso, mercurio o plomo y son perjudiciales para el ambiente. Por eso, deben ser gestionadas de manera diferenciada.<\/p>\n<p>Desde el municipio destacaron esta acci\u00f3n sustentable para profundizar la cultura de generar conciencia ambiental en San Isidro. Y sobre todo, que en el distrito se recicle lo verde, electr\u00f3nico, inorg\u00e1nico y compostaje.<\/p>\n<p><strong>Pr\u00f3ximas fechas (De 10 a 14):<\/strong><\/p>\n<p>Martes 04\/07 \u2013 Plaza Alsina (Alsina y Chubut, San Isidro).<\/p>\n<p>Mi\u00e9rcoles 05\/07 \u2013 Eduardo Costa y Per\u00fa, Acassuso.<\/p>\n<p>Jueves 06\/07 \u2013 Estaci\u00f3n Mart\u00ednez (Eduardo Costa y Lamarca).<\/p>\n<p>Viernes 07\/07 \u2013 Plaza Belgrano (Dean Funes y La Calandria, Villa Adelina).<\/p>\n<p>S\u00e1bado 08\/07 \u2013 Plaza Malvinas (Abriata y Montes de Oca, Boulogne).<\/p>\n","protected":false},"excerpt":{"rendered":"<p>El municipio de San Isidro ampli\u00f3 su programa de recolecci\u00f3n de residuos, para que reciclar sea cada vez m\u00e1s f\u00e1cil. En este sentido, una unidad m\u00f3vil especial recorrer\u00e1 los barrios para que los vecinos depositen pilas, bater\u00edas, basura electr\u00f3nica y textiles. El lunes 3 de julio estar\u00e1 en la plaza Lourdes de Beccar (Haedo y [&hellip;]<\/p>\n","protected":false},"author":1,"featured_media":21495,"comment_status":"closed","ping_status":"closed","sticky":false,"template":"","format":"standard","meta":{"footnotes":""},"categories":[203,70,20],"tags":[182],"class_list":{"0":"post-21494","1":"post","2":"type-post","3":"status-publish","4":"format-standard","5":"has-post-thumbnail","7":"category-ambiente","8":"category-las-mas-leidas","9":"category-municipios","10":"tag-reciclaje"},"aioseo_notices":[],"_links":{"self":[{"href":"https:\/\/guiadenoticias.com.ar\/diario\/wp-json\/wp\/v2\/posts\/21494","targetHints":{"allow":["GET"]}}],"collection":[{"href":"https:\/\/guiadenoticias.com.ar\/diario\/wp-json\/wp\/v2\/posts"}],"about":[{"href":"https:\/\/guiadenoticias.com.ar\/diario\/wp-json\/wp\/v2\/types\/post"}],"author":[{"embeddable":true,"href":"https:\/\/guiadenoticias.com.ar\/diario\/wp-json\/wp\/v2\/users\/1"}],"replies":[{"embeddable":true,"href":"https:\/\/guiadenoticias.com.ar\/diario\/wp-json\/wp\/v2\/comments?post=21494"}],"version-history":[{"count":1,"href":"https:\/\/guiadenoticias.com.ar\/diario\/wp-json\/wp\/v2\/posts\/21494\/revisions"}],"predecessor-version":[{"id":21496,"href":"https:\/\/guiadenoticias.com.ar\/diario\/wp-json\/wp\/v2\/posts\/21494\/revisions\/21496"}],"wp:featuredmedia":[{"embeddable":true,"href":"https:\/\/guiadenoticias.com.ar\/diario\/wp-json\/wp\/v2\/media\/21495"}],"wp:attachment":[{"href":"https:\/\/guiadenoticias.com.ar\/diario\/wp-json\/wp\/v2\/media?parent=21494"}],"wp:term":[{"taxonomy":"category","embeddable":true,"href":"https:\/\/guiadenoticias.com.ar\/diario\/wp-json\/wp\/v2\/categories?post=21494"},{"taxonomy":"post_tag","embeddable":true,"href":"https:\/\/guiadenoticias.com.ar\/diario\/wp-json\/wp\/v2\/tags?post=21494"}],"curies":[{"name":"wp","href":"https:\/\/api.w.org\/{rel}","templated":true}]}}