{"id":21511,"date":"2023-07-01T22:00:55","date_gmt":"2023-07-02T01:00:55","guid":{"rendered":"https:\/\/guiadenoticias.com.ar\/diario\/?p=21511"},"modified":"2023-07-14T01:45:50","modified_gmt":"2023-07-14T04:45:50","slug":"massa-inicio-en-san-martin-su-campana-de-proximidad","status":"publish","type":"post","link":"https:\/\/guiadenoticias.com.ar\/diario\/massa-inicio-en-san-martin-su-campana-de-proximidad\/","title":{"rendered":"Massa inici\u00f3 en San Mart\u00edn su \u00abcampa\u00f1a de proximidad\u00bb"},"content":{"rendered":"<p><strong>El precandidato a presidente de Uni\u00f3n por la Patria (UxP) y ministro de Econom\u00eda, Sergio Massa, recorri\u00f3 San Mart\u00edn, en el puntapi\u00e9 de una \u00abcampa\u00f1a de proximidad\u00bb con la ciudadan\u00eda de cara a las elecciones y de manera coordinada con las actividades proselitistas. Lo acompa\u00f1aron el ministro Gabriel Katopodis y el intendente Fernando Moreira.<\/strong><\/p>\n<p>Massa comenz\u00f3 con estas actividades &#8211; en un d\u00eda emblem\u00e1tico para el PJ, por el aniversario del fallecimiento de Per\u00f3n &#8211; en el distrito donde naci\u00f3, estudi\u00f3, comenz\u00f3 a trabajar en el corral\u00f3n de materiales que ten\u00eda su padre, a la vez que iniciaba la militancia pol\u00edtica en su juventud, que lo acerc\u00f3 a la familia de Barrionuevo y Graciela Cama\u00f1o.<\/p>\n<p>La idea del precandidato, seg\u00fan sus voceros, es mostrar la unidad de la coalici\u00f3n en los territorios, donde se reforzar\u00e1 \u00abel mano a mano con la gente\u00bb y en la semana enfocarse fuerte en la gesti\u00f3n como les pidi\u00f3 a cada uno de los gobernadores del oficialismo y a los integrantes del gabinete.<\/p>\n<p>\u00abEl mano a mano de proximidad es parte del conjunto de dispositivos de campa\u00f1a basados en la unidad, con actos de todos los candidatos. Unidad de campa\u00f1a, descentralizaci\u00f3n y diversidad de formatos y mensajes para llegar a todos sectores\u00bb, explicaron las fuentes del entorno del precandidato de UxP.<\/p>\n","protected":false},"excerpt":{"rendered":"<p>El precandidato a presidente de Uni\u00f3n por la Patria (UxP) y ministro de Econom\u00eda, Sergio Massa, recorri\u00f3 San Mart\u00edn, en el puntapi\u00e9 de una \u00abcampa\u00f1a de proximidad\u00bb con la ciudadan\u00eda de cara a las elecciones y de manera coordinada con las actividades proselitistas. Lo acompa\u00f1aron el ministro Gabriel Katopodis y el intendente Fernando Moreira. Massa [&hellip;]<\/p>\n","protected":false},"author":1,"featured_media":21512,"comment_status":"closed","ping_status":"closed","sticky":false,"template":"","format":"standard","meta":{"footnotes":""},"categories":[70,20,48,24],"tags":[245,87,248],"class_list":{"0":"post-21511","1":"post","2":"type-post","3":"status-publish","4":"format-standard","5":"has-post-thumbnail","7":"category-las-mas-leidas","8":"category-municipios","9":"category-politica-argentina","10":"category-san-martin","11":"tag-elecciones-2023","12":"tag-sergio-massa","13":"tag-union-por-la-patria"},"aioseo_notices":[],"_links":{"self":[{"href":"https:\/\/guiadenoticias.com.ar\/diario\/wp-json\/wp\/v2\/posts\/21511","targetHints":{"allow":["GET"]}}],"collection":[{"href":"https:\/\/guiadenoticias.com.ar\/diario\/wp-json\/wp\/v2\/posts"}],"about":[{"href":"https:\/\/guiadenoticias.com.ar\/diario\/wp-json\/wp\/v2\/types\/post"}],"author":[{"embeddable":true,"href":"https:\/\/guiadenoticias.com.ar\/diario\/wp-json\/wp\/v2\/users\/1"}],"replies":[{"embeddable":true,"href":"https:\/\/guiadenoticias.com.ar\/diario\/wp-json\/wp\/v2\/comments?post=21511"}],"version-history":[{"count":3,"href":"https:\/\/guiadenoticias.com.ar\/diario\/wp-json\/wp\/v2\/posts\/21511\/revisions"}],"predecessor-version":[{"id":21517,"href":"https:\/\/guiadenoticias.com.ar\/diario\/wp-json\/wp\/v2\/posts\/21511\/revisions\/21517"}],"wp:featuredmedia":[{"embeddable":true,"href":"https:\/\/guiadenoticias.com.ar\/diario\/wp-json\/wp\/v2\/media\/21512"}],"wp:attachment":[{"href":"https:\/\/guiadenoticias.com.ar\/diario\/wp-json\/wp\/v2\/media?parent=21511"}],"wp:term":[{"taxonomy":"category","embeddable":true,"href":"https:\/\/guiadenoticias.com.ar\/diario\/wp-json\/wp\/v2\/categories?post=21511"},{"taxonomy":"post_tag","embeddable":true,"href":"https:\/\/guiadenoticias.com.ar\/diario\/wp-json\/wp\/v2\/tags?post=21511"}],"curies":[{"name":"wp","href":"https:\/\/api.w.org\/{rel}","templated":true}]}}