{"id":21521,"date":"2023-06-30T18:00:53","date_gmt":"2023-06-30T21:00:53","guid":{"rendered":"https:\/\/guiadenoticias.com.ar\/diario\/?p=21521"},"modified":"2023-07-06T03:23:39","modified_gmt":"2023-07-06T06:23:39","slug":"moron-union-por-la-patria-puso-primera","status":"publish","type":"post","link":"https:\/\/guiadenoticias.com.ar\/diario\/moron-union-por-la-patria-puso-primera\/","title":{"rendered":"Mor\u00f3n: Uni\u00f3n por la Patria puso primera"},"content":{"rendered":"<p>En un acto encabezado por el intendente Lucas Ghi, que va por un nuevo mandato al frente del Ejecutivo local, el oficialismo present\u00f3 a las y los precandidatos para las PASO del pr\u00f3ximo 13 de agosto. En estos comicios se definir\u00e1n tambi\u00e9n los nombres de quienes disputar\u00e1n en octubre 12 bancas del Concejo Deliberante y 5 del Consejo Escolar.<\/p>\n<p>La lista de unidad est\u00e1 encabezada por el actual secretario de Obras P\u00fablicas, Diego Spina, e integrada por referentes de todos los espacios que conforman Uni\u00f3n por la Patria en el distrito: Lorena Acevedo, Claudio Rom\u00e1n, Florencia de Luca, Marcelo Notario, Vanina Moro, Marcelo Gonz\u00e1lez, Valeria Gasol, Agust\u00edn Ramponelli, Nadia Diz, Tom\u00e1s Balestrini y Ana Paparello. Mabel Mesa, por su parte, est\u00e1 al frente de la n\u00f3mina para el Consejo Escolar de Mor\u00f3n.<\/p>\n<p>Durante el acto, en el Paseo de las Artes, el jefe comunal sostuvo que \u201cno podemos menos que celebrar que tenemos f\u00f3rmula nacional, que tenemos f\u00f3rmula provincial, competitiva, que estamos en condiciones no s\u00f3lo de ratificar el rumbo en lo local, sino tambi\u00e9n a nivel provincial, a nivel nacional\u201d.<\/p>\n<p>Sobre Sergio Massa y Agust\u00edn Rossi, el intendente destac\u00f3, \u201cdieron muestra de la capacidad que tienen de administrar una situaci\u00f3n tan compleja, tan inestable, tan vol\u00e1til, tan desafiante como este proceso que les toc\u00f3, y hacerlo manteniendo la actividad, el empleo, la producci\u00f3n\u201d. No obstante consider\u00f3 que \u201cse asoma en el horizonte inmediato un futuro promisorio, con algunos proyectos que seguramente en el corto plazo van a poner a la Argentina en la senda del desarrollo y el progreso ininterrumpido\u201d.<\/p>\n<p>Luego, en otro tramo de su discurso Ghi se\u00f1al\u00f3: \u201cQuiero tambi\u00e9n transmitirles desde ac\u00e1 al compa\u00f1ero Axel (Kicillof) y a la compa\u00f1era Ver\u00f3nica (Magario), que cuenten con este m\u00fasculo activo de los vecinos y vecinas de Mor\u00f3n para garantizar el triunfo a nivel provincial, tanto en agosto como en octubre. Ac\u00e1 tenemos una sociedad que est\u00e1 movilizada, que tiene memoria, que quiere defender lo construido y que se anima a seguir so\u00f1ando con lo que falta\u201d.<\/p>\n<p>Adem\u00e1s, acept\u00f3, \u201csabemos que hay asignaturas pendientes, pero que tenemos la voluntad, el coraje y la capacidad para construir lo que falta. Y que lo vamos a lograr en este marco de unidad, de trabajo articulado, de confluencia, de di\u00e1logo, de respeto, de humildad, de energ\u00eda y determinaci\u00f3n\u201d.<\/p>\n","protected":false},"excerpt":{"rendered":"<p>En un acto encabezado por el intendente Lucas Ghi, que va por un nuevo mandato al frente del Ejecutivo local, el oficialismo present\u00f3 a las y los precandidatos para las PASO del pr\u00f3ximo 13 de agosto. En estos comicios se definir\u00e1n tambi\u00e9n los nombres de quienes disputar\u00e1n en octubre 12 bancas del Concejo Deliberante y [&hellip;]<\/p>\n","protected":false},"author":1,"featured_media":21522,"comment_status":"closed","ping_status":"closed","sticky":false,"template":"","format":"standard","meta":{"footnotes":""},"categories":[28,20,48],"tags":[245,73,248],"class_list":{"0":"post-21521","1":"post","2":"type-post","3":"status-publish","4":"format-standard","5":"has-post-thumbnail","7":"category-moron","8":"category-municipios","9":"category-politica-argentina","10":"tag-elecciones-2023","11":"tag-lucas-ghi","12":"tag-union-por-la-patria"},"aioseo_notices":[],"_links":{"self":[{"href":"https:\/\/guiadenoticias.com.ar\/diario\/wp-json\/wp\/v2\/posts\/21521","targetHints":{"allow":["GET"]}}],"collection":[{"href":"https:\/\/guiadenoticias.com.ar\/diario\/wp-json\/wp\/v2\/posts"}],"about":[{"href":"https:\/\/guiadenoticias.com.ar\/diario\/wp-json\/wp\/v2\/types\/post"}],"author":[{"embeddable":true,"href":"https:\/\/guiadenoticias.com.ar\/diario\/wp-json\/wp\/v2\/users\/1"}],"replies":[{"embeddable":true,"href":"https:\/\/guiadenoticias.com.ar\/diario\/wp-json\/wp\/v2\/comments?post=21521"}],"version-history":[{"count":1,"href":"https:\/\/guiadenoticias.com.ar\/diario\/wp-json\/wp\/v2\/posts\/21521\/revisions"}],"predecessor-version":[{"id":21523,"href":"https:\/\/guiadenoticias.com.ar\/diario\/wp-json\/wp\/v2\/posts\/21521\/revisions\/21523"}],"wp:featuredmedia":[{"embeddable":true,"href":"https:\/\/guiadenoticias.com.ar\/diario\/wp-json\/wp\/v2\/media\/21522"}],"wp:attachment":[{"href":"https:\/\/guiadenoticias.com.ar\/diario\/wp-json\/wp\/v2\/media?parent=21521"}],"wp:term":[{"taxonomy":"category","embeddable":true,"href":"https:\/\/guiadenoticias.com.ar\/diario\/wp-json\/wp\/v2\/categories?post=21521"},{"taxonomy":"post_tag","embeddable":true,"href":"https:\/\/guiadenoticias.com.ar\/diario\/wp-json\/wp\/v2\/tags?post=21521"}],"curies":[{"name":"wp","href":"https:\/\/api.w.org\/{rel}","templated":true}]}}