{"id":21538,"date":"2023-07-07T14:00:46","date_gmt":"2023-07-07T17:00:46","guid":{"rendered":"https:\/\/guiadenoticias.com.ar\/diario\/?p=21538"},"modified":"2023-07-11T01:44:31","modified_gmt":"2023-07-11T04:44:31","slug":"nuevo-equipamiento-en-la-maternidad-santa-rosa","status":"publish","type":"post","link":"https:\/\/guiadenoticias.com.ar\/diario\/nuevo-equipamiento-en-la-maternidad-santa-rosa\/","title":{"rendered":"Nuevo equipamiento en la Maternidad Santa Rosa"},"content":{"rendered":"<p>La Municipalidad de Vicente L\u00f3pez sum\u00f3 equipamiento en la Maternidad Santa Rosa. En ese sentido, la intendenta Soledad Mart\u00ednez recorri\u00f3 la instituci\u00f3n donde recientemente se incorporaron nuevos respiradores de \u00faltima generaci\u00f3n.<\/p>\n<p><strong>El flamante equipamiento est\u00e1 compuesto por dos clases de aparatos. Por un lado se incorpor\u00f3 los respiradores Dr\u00e4ger, destinados para reci\u00e9n nacidos y prematuros, y su principal caracter\u00edstica es que autorregula el ox\u00edgeno que necesita el beb\u00e9. Por otro lado, el municipio sum\u00f3 el Respirador Neumovent, que es utilizado para reci\u00e9n nacidos, beb\u00e9s y madres.<\/strong><\/p>\n<p>En el \u00faltimo a\u00f1o, la Comuna incorpor\u00f3 en la Maternidad mesas de anestesia para quir\u00f3fano, incubadoras, servocunas, ec\u00f3grafo, torre de laparoscopia y una mesa quir\u00fargica para pacientes con obesidad. Adem\u00e1s, en 2022 se inaugur\u00f3 la nueva Unidad de Terapia Intensiva, donde atienden a pacientes de alto riesgo, como personas hipertensas y diab\u00e9ticas.<\/p>\n<p>La Maternidad Municipal Santa Rosa es una de las instituciones pioneras en salud de mujeres y beb\u00e9s en Argentina. Fue una de las primeras instituciones en aplicar el modelo de Parto Respetado y es reconocida por la Organizaci\u00f3n Mundial de la Salud y por UNICEF como \u201chospital amigo de la madre y el ni\u00f1o\u201d.<\/p>\n","protected":false},"excerpt":{"rendered":"<p>La Municipalidad de Vicente L\u00f3pez sum\u00f3 equipamiento en la Maternidad Santa Rosa. En ese sentido, la intendenta Soledad Mart\u00ednez recorri\u00f3 la instituci\u00f3n donde recientemente se incorporaron nuevos respiradores de \u00faltima generaci\u00f3n. El flamante equipamiento est\u00e1 compuesto por dos clases de aparatos. Por un lado se incorpor\u00f3 los respiradores Dr\u00e4ger, destinados para reci\u00e9n nacidos y prematuros, [&hellip;]<\/p>\n","protected":false},"author":1,"featured_media":21539,"comment_status":"closed","ping_status":"closed","sticky":false,"template":"","format":"standard","meta":{"footnotes":""},"categories":[20,25],"tags":[80,176],"class_list":{"0":"post-21538","1":"post","2":"type-post","3":"status-publish","4":"format-standard","5":"has-post-thumbnail","7":"category-municipios","8":"category-vicente-lopez","9":"tag-salud","10":"tag-soledad-martinez"},"aioseo_notices":[],"_links":{"self":[{"href":"https:\/\/guiadenoticias.com.ar\/diario\/wp-json\/wp\/v2\/posts\/21538","targetHints":{"allow":["GET"]}}],"collection":[{"href":"https:\/\/guiadenoticias.com.ar\/diario\/wp-json\/wp\/v2\/posts"}],"about":[{"href":"https:\/\/guiadenoticias.com.ar\/diario\/wp-json\/wp\/v2\/types\/post"}],"author":[{"embeddable":true,"href":"https:\/\/guiadenoticias.com.ar\/diario\/wp-json\/wp\/v2\/users\/1"}],"replies":[{"embeddable":true,"href":"https:\/\/guiadenoticias.com.ar\/diario\/wp-json\/wp\/v2\/comments?post=21538"}],"version-history":[{"count":1,"href":"https:\/\/guiadenoticias.com.ar\/diario\/wp-json\/wp\/v2\/posts\/21538\/revisions"}],"predecessor-version":[{"id":21540,"href":"https:\/\/guiadenoticias.com.ar\/diario\/wp-json\/wp\/v2\/posts\/21538\/revisions\/21540"}],"wp:featuredmedia":[{"embeddable":true,"href":"https:\/\/guiadenoticias.com.ar\/diario\/wp-json\/wp\/v2\/media\/21539"}],"wp:attachment":[{"href":"https:\/\/guiadenoticias.com.ar\/diario\/wp-json\/wp\/v2\/media?parent=21538"}],"wp:term":[{"taxonomy":"category","embeddable":true,"href":"https:\/\/guiadenoticias.com.ar\/diario\/wp-json\/wp\/v2\/categories?post=21538"},{"taxonomy":"post_tag","embeddable":true,"href":"https:\/\/guiadenoticias.com.ar\/diario\/wp-json\/wp\/v2\/tags?post=21538"}],"curies":[{"name":"wp","href":"https:\/\/api.w.org\/{rel}","templated":true}]}}