{"id":21576,"date":"2023-07-18T11:00:10","date_gmt":"2023-07-18T14:00:10","guid":{"rendered":"https:\/\/guiadenoticias.com.ar\/diario\/?p=21576"},"modified":"2023-07-31T01:31:30","modified_gmt":"2023-07-31T04:31:30","slug":"inauguraron-la-casa-museo-maria-elena-walsh","status":"publish","type":"post","link":"https:\/\/guiadenoticias.com.ar\/diario\/inauguraron-la-casa-museo-maria-elena-walsh\/","title":{"rendered":"Inauguraron  la Casa Museo Mar\u00eda Elena Walsh"},"content":{"rendered":"<p>El municipio de Mor\u00f3n inaugur\u00f3 la Casa Museo Mar\u00eda Elena Walsh, un espacio abierto para toda la comunidad. Se trata del hogar de nacimiento de la cantautora y donde pas\u00f3 sus primeros a\u00f1os. Ese lugar funcionar\u00e1 como un nuevo espacio dedicado a la cultura, la recreaci\u00f3n y la difusi\u00f3n de sus obras. Est\u00e1 ubicada en 3 de Febrero 547, Villa Sarmiento.<\/p>\n<p>El intendente Lucas Ghi encabez\u00f3 el acto junto con el ministro de Cultura de la Naci\u00f3n, Trist\u00e1n Bauer; la presidenta del Instituto Cultural de Buenos Aires, Florencia Saintout; la subsecretaria de Promoci\u00f3n Sociocultural bonaerense, Lorena Riesgo, y el ex intendente Mart\u00edn Sabbatella, entre otros funcionarios y funcionarias.<\/p>\n<p>La jornada cont\u00f3, adem\u00e1s, con la entonaci\u00f3n de las estrofas del Himno Nacional a cargo de Leonardo Pastore. Luego brind\u00f3 un show musical el grupo Tamborcitos del ECuNHi. Tambi\u00e9n, Teresa Parodi y Le\u00f3n Gieco interpretaron algunos \u00e9xitos musicales de Mar\u00eda Elena Walsh, acompa\u00f1ados por piano, cello y contrabajo.<\/p>\n<p>All\u00ed, Ghi expres\u00f3: \u201cEl prop\u00f3sito era poner a Mar\u00eda Elena Walsh de cara a la comunidad. Seguimos democratizando el acceso a esa obra maravillosa que ojal\u00e1 sea un hito. Que la obra tierna, c\u00e1lida, entra\u00f1able, l\u00facida, provocativa de Mar\u00eda Elena inunde este espacio y que las nuevas generaciones se dejen conmover, interpelar, genere curiosidades, despierte vocaciones\u201d.<\/p>\n<p>Por su parte, Bauer destac\u00f3 que \u201cme gustar\u00eda que las chicas y los chicos redescubran o descubran la figura de Mar\u00eda Elena. Que en sus corazones se siembre una semilla con ese esp\u00edritu, \u00fanico, revolucionario, transformador, cr\u00edtico, feminista, capaz de concebir semejante belleza. Que esa semilla crezca a la manera de cada ni\u00f1o, ni\u00f1a, de cada familia que visite esta casa y que entre todos y todas la valoremos\u201d.<\/p>\n<p>La Casa Mar\u00eda Elena Walsh cuenta con una superficie de m\u00e1s de 500 metros cuadrados totales. La obra abarc\u00f3 la recuperaci\u00f3n de la fachada original y el patio central de la vivienda, la reconstrucci\u00f3n integral de todas las dependencias y la creaci\u00f3n de seis salas para muestras y eventos.<\/p>\n<p>La adquisici\u00f3n de esta vivienda fue posible gracias a un arduo trabajo y articulaci\u00f3n permanente entre el municipio, el Ministerio de Cultura de la Naci\u00f3n y el Instituto Cultural de la Provincia. Asimismo, se trabaj\u00f3 en la recuperaci\u00f3n de su estado original como patrimonio cultural y la puesta en valor para el disfrute de todos los vecinos y vecinas.<\/p>\n<p>La comunidad podr\u00e1 realizar visitas guiadas y recorrer distintos espacios interactivos. Adem\u00e1s, se realizar\u00e1n peri\u00f3dicamente charlas, talleres y distintas actividades culturales y recreativas. Las puertas al p\u00fablico estar\u00e1n abiertas de mi\u00e9rcoles a viernes de 9 a 18 horas; los s\u00e1bados de 11 a 20 y los domingos, de 11 a 18 horas.<\/p>\n<p>Tambi\u00e9n estuvieron presentes entre otras personas el secretario de Hacienda de la Naci\u00f3n, Ra\u00fal Rigo; el presidente del Banco Central, Miguel Pesce; la titular de ANSES, Fernanda Raverta; y la subsecretaria de Pol\u00edticas Culturales, Victoria Onetto<\/p>\n","protected":false},"excerpt":{"rendered":"<p>El municipio de Mor\u00f3n inaugur\u00f3 la Casa Museo Mar\u00eda Elena Walsh, un espacio abierto para toda la comunidad. Se trata del hogar de nacimiento de la cantautora y donde pas\u00f3 sus primeros a\u00f1os. Ese lugar funcionar\u00e1 como un nuevo espacio dedicado a la cultura, la recreaci\u00f3n y la difusi\u00f3n de sus obras. Est\u00e1 ubicada en [&hellip;]<\/p>\n","protected":false},"author":1,"featured_media":21577,"comment_status":"closed","ping_status":"closed","sticky":false,"template":"","format":"standard","meta":{"footnotes":""},"categories":[50,70,28,20],"tags":[73,93],"class_list":{"0":"post-21576","1":"post","2":"type-post","3":"status-publish","4":"format-standard","5":"has-post-thumbnail","7":"category-cultura","8":"category-las-mas-leidas","9":"category-moron","10":"category-municipios","11":"tag-lucas-ghi","12":"tag-martin-sabbatella"},"aioseo_notices":[],"_links":{"self":[{"href":"https:\/\/guiadenoticias.com.ar\/diario\/wp-json\/wp\/v2\/posts\/21576","targetHints":{"allow":["GET"]}}],"collection":[{"href":"https:\/\/guiadenoticias.com.ar\/diario\/wp-json\/wp\/v2\/posts"}],"about":[{"href":"https:\/\/guiadenoticias.com.ar\/diario\/wp-json\/wp\/v2\/types\/post"}],"author":[{"embeddable":true,"href":"https:\/\/guiadenoticias.com.ar\/diario\/wp-json\/wp\/v2\/users\/1"}],"replies":[{"embeddable":true,"href":"https:\/\/guiadenoticias.com.ar\/diario\/wp-json\/wp\/v2\/comments?post=21576"}],"version-history":[{"count":1,"href":"https:\/\/guiadenoticias.com.ar\/diario\/wp-json\/wp\/v2\/posts\/21576\/revisions"}],"predecessor-version":[{"id":21578,"href":"https:\/\/guiadenoticias.com.ar\/diario\/wp-json\/wp\/v2\/posts\/21576\/revisions\/21578"}],"wp:featuredmedia":[{"embeddable":true,"href":"https:\/\/guiadenoticias.com.ar\/diario\/wp-json\/wp\/v2\/media\/21577"}],"wp:attachment":[{"href":"https:\/\/guiadenoticias.com.ar\/diario\/wp-json\/wp\/v2\/media?parent=21576"}],"wp:term":[{"taxonomy":"category","embeddable":true,"href":"https:\/\/guiadenoticias.com.ar\/diario\/wp-json\/wp\/v2\/categories?post=21576"},{"taxonomy":"post_tag","embeddable":true,"href":"https:\/\/guiadenoticias.com.ar\/diario\/wp-json\/wp\/v2\/tags?post=21576"}],"curies":[{"name":"wp","href":"https:\/\/api.w.org\/{rel}","templated":true}]}}