{"id":21611,"date":"2023-07-25T22:00:32","date_gmt":"2023-07-26T01:00:32","guid":{"rendered":"https:\/\/guiadenoticias.com.ar\/diario\/?p=21611"},"modified":"2023-07-31T02:07:21","modified_gmt":"2023-07-31T05:07:21","slug":"avanza-la-construccion-del-centro-territorial-integral-de-politicas-de-generos","status":"publish","type":"post","link":"https:\/\/guiadenoticias.com.ar\/diario\/avanza-la-construccion-del-centro-territorial-integral-de-politicas-de-generos\/","title":{"rendered":"Avanza la construcci\u00f3n del Centro Territorial Integral de Pol\u00edticas de G\u00e9neros"},"content":{"rendered":"<p><strong>El intendente de Mor\u00f3n, Lucas Ghi, junto con la ministra de Mujeres, Pol\u00edticas de G\u00e9nero y Diversidad Sexual de la Provincia, Estela D\u00edaz; la secretaria nacional de Pol\u00edticas contra la Violencia por Razones de G\u00e9nero, Josefina Kelly, y la diputada nacional M\u00f3nica Macha, supervisaron los avances de la obra del Centro Territorial Integral de Pol\u00edticas de G\u00e9neros y Diversidad.<\/strong><\/p>\n<p>El Estado local en articulaci\u00f3n con la Naci\u00f3n contin\u00faan con la construcci\u00f3n del edificio, ubicado en Castelar sur. Este espacio estar\u00e1 destinado al desarrollo de pol\u00edticas p\u00fablicas para el abordaje de las violencias por razones de g\u00e9nero y al acceso a derechos de mujeres y LGBTI+.<\/p>\n<p>Tras finalizar la recorrida, el jefe comunal expres\u00f3: \u201cEste Centro va a abordar toda la problem\u00e1tica vinculada a la violencia de g\u00e9nero, pero desde una perspectiva mucho m\u00e1s amplia. Queremos ser ese primer espacio de contenci\u00f3n, de respuesta, pero tambi\u00e9n para abordar una estrategia para el mediano y largo plazo\u201d.<\/p>\n<p>A\u00f1adi\u00f3 que \u201cel Estado tiene que pensar c\u00f3mo generamos autonom\u00eda en esa persona que se acerca ac\u00e1 por primera vez y que viene desde un lugar de mucha vulnerabilidad y que reciba esa primera atenci\u00f3n, esa orientaci\u00f3n psicol\u00f3gica y sanitaria\u201d.<\/p>\n<p>Por su parte, la ministra provincial destac\u00f3, \u201cestos lugares tienen que tener esa mirada de respuesta en los distintos aspectos. Es la convicci\u00f3n que tenemos, construir m\u00e1s Estado presente, porque es el modo de dar respuesta a un problema tan general que viven las relaciones interpersonales de nuestra comunidad, como son en general las violencias por razones de g\u00e9nero\u201d.<\/p>\n<p>La obra del nuevo Centro, ubicado en la calle Granada, entre La Tribuna y Alcorta, en Barrio Ser\u00e9 cuenta con una inversi\u00f3n de 154.190.692 millones de pesos y un avance de m\u00e1s del 70%. En el espacio se llevar\u00e1n adelante acciones y programas a cargo de la Secretar\u00eda de Mujeres, G\u00e9neros, Diversidad y Derechos Humanos municipal y el ministerio de Mujeres nacional. El Centro tendr\u00e1 como fin fomentar la participaci\u00f3n comunitaria, la promoci\u00f3n de derechos, el acceso al trabajo, a la cultura, a la comunicaci\u00f3n, y el deporte.<\/p>\n","protected":false},"excerpt":{"rendered":"<p>El intendente de Mor\u00f3n, Lucas Ghi, junto con la ministra de Mujeres, Pol\u00edticas de G\u00e9nero y Diversidad Sexual de la Provincia, Estela D\u00edaz; la secretaria nacional de Pol\u00edticas contra la Violencia por Razones de G\u00e9nero, Josefina Kelly, y la diputada nacional M\u00f3nica Macha, supervisaron los avances de la obra del Centro Territorial Integral de Pol\u00edticas [&hellip;]<\/p>\n","protected":false},"author":1,"featured_media":21612,"comment_status":"closed","ping_status":"closed","sticky":false,"template":"","format":"standard","meta":{"footnotes":""},"categories":[28,20],"tags":[179,73],"class_list":{"0":"post-21611","1":"post","2":"type-post","3":"status-publish","4":"format-standard","5":"has-post-thumbnail","7":"category-moron","8":"category-municipios","9":"tag-generos","10":"tag-lucas-ghi"},"aioseo_notices":[],"_links":{"self":[{"href":"https:\/\/guiadenoticias.com.ar\/diario\/wp-json\/wp\/v2\/posts\/21611","targetHints":{"allow":["GET"]}}],"collection":[{"href":"https:\/\/guiadenoticias.com.ar\/diario\/wp-json\/wp\/v2\/posts"}],"about":[{"href":"https:\/\/guiadenoticias.com.ar\/diario\/wp-json\/wp\/v2\/types\/post"}],"author":[{"embeddable":true,"href":"https:\/\/guiadenoticias.com.ar\/diario\/wp-json\/wp\/v2\/users\/1"}],"replies":[{"embeddable":true,"href":"https:\/\/guiadenoticias.com.ar\/diario\/wp-json\/wp\/v2\/comments?post=21611"}],"version-history":[{"count":2,"href":"https:\/\/guiadenoticias.com.ar\/diario\/wp-json\/wp\/v2\/posts\/21611\/revisions"}],"predecessor-version":[{"id":21615,"href":"https:\/\/guiadenoticias.com.ar\/diario\/wp-json\/wp\/v2\/posts\/21611\/revisions\/21615"}],"wp:featuredmedia":[{"embeddable":true,"href":"https:\/\/guiadenoticias.com.ar\/diario\/wp-json\/wp\/v2\/media\/21612"}],"wp:attachment":[{"href":"https:\/\/guiadenoticias.com.ar\/diario\/wp-json\/wp\/v2\/media?parent=21611"}],"wp:term":[{"taxonomy":"category","embeddable":true,"href":"https:\/\/guiadenoticias.com.ar\/diario\/wp-json\/wp\/v2\/categories?post=21611"},{"taxonomy":"post_tag","embeddable":true,"href":"https:\/\/guiadenoticias.com.ar\/diario\/wp-json\/wp\/v2\/tags?post=21611"}],"curies":[{"name":"wp","href":"https:\/\/api.w.org\/{rel}","templated":true}]}}