{"id":21626,"date":"2023-08-08T20:00:57","date_gmt":"2023-08-08T23:00:57","guid":{"rendered":"https:\/\/guiadenoticias.com.ar\/diario\/?p=21626"},"modified":"2023-08-09T03:24:21","modified_gmt":"2023-08-09T06:24:21","slug":"kicillof-y-ghi-recorrieron-las-obras-de-ampliacion-de-la-cantabrica","status":"publish","type":"post","link":"https:\/\/guiadenoticias.com.ar\/diario\/kicillof-y-ghi-recorrieron-las-obras-de-ampliacion-de-la-cantabrica\/","title":{"rendered":"Kicillof y Ghi recorrieron las obras de ampliaci\u00f3n de La Cant\u00e1brica"},"content":{"rendered":"<p><strong>El gobernador de la Provincia, Axel Kicillof, el intendente de Mor\u00f3n, Lucas Ghi, junto con el ex intendente Mart\u00edn Sabbatella supervisaron los avances de la ampliaci\u00f3n del Parque Industrial La Cant\u00e1brica de Haedo. Se trata de intervenciones que permitir\u00e1n contar con los servicios necesarios y para el funcionamiento en las nuevas empresas que se instalen dentro del predio.<\/strong><\/p>\n<p>\u201cEl trabajo que llevamos adelante junto con la Provincia y la Naci\u00f3n en este Parque Industrial, tan emblem\u00e1tico en la historia de Mor\u00f3n y modelo en la regi\u00f3n, fue central para el fortalecimiento del aparato productivo y la generaci\u00f3n de nuevas oportunidades de empleo. Con la ampliaci\u00f3n de La Cant\u00e1brica, a las 40 unidades industriales que ya funcionaban y se han revitalizado, estamos sumando ocho hect\u00e1reas contiguas para la instalaci\u00f3n de m\u00e1s empresas\u201d, resalt\u00f3 el jefe comunal.<\/p>\n<p>Adem\u00e1s, Ghi se\u00f1al\u00f3, \u201ccontamos hoy con una provincia de Buenos Aires, encabezada por nuestro gobernador Kicillof, que se constituy\u00f3 nuevamente en un actor que gravita significativamente para mejorar la calidad de vida de nuestro pueblo\u201d, y agreg\u00f3: \u201cEn esa direcci\u00f3n, la inversi\u00f3n para ampliar los parques industriales, aumentar y mejorar la infraestructura escolar y los centros para garantizar la atenci\u00f3n primaria de la salud en todos los barrios, son pilares de esta gesti\u00f3n\u201d.<\/p>\n<p>Por su parte, el gobernador expres\u00f3 que \u201ccuando recorrimos en 2019 este Parque Industrial estaban todas las empresas apenas subsistiendo y al borde de la quiebra, producto de un modelo de achicamiento de la industria nacional\u201d, y \u201ccuatro a\u00f1os despu\u00e9s, este lugar crece y va a incorporar infraestructura para mejorar las condiciones de las empresas\u201d.<\/p>\n<p>Las tareas cuentan con un presupuesto de m\u00e1s de 760 millones de pesos y abarcan obras de cloacas, agua potable, pluviales, pavimentos, red contra incendios, gas, electricidad e iluminaci\u00f3n. Se llevan adelante en un espacio de 8 hect\u00e1reas, cedido por la Agencia de Administraci\u00f3n de Bienes del Estado.<\/p>\n<p>Este nuevo predio permite la incorporaci\u00f3n de 17 nuevas empresas que se sumar\u00e1n a las 40 que ya se encuentran dentro del Parque. Al mismo tiempo, esta medida permitir\u00eda brindar alrededor de mil nuevos puestos de trabajo. Dentro de las obras tambi\u00e9n se contempla la construcci\u00f3n de un jard\u00edn maternal con lactario disponible para el personal del Parque Industrial.<\/p>\n<p>Previamente, los funcionarios junto al secretario municipal de Seguridad Ciudadana, Gustavo Yapura, visitaron la base de la Unidad T\u00e1ctica de Operaciones Inmediatas (UTOI) de Mor\u00f3n, donde incorporaron 300 nuevos efectivos policiales de la Fuerza Barrial de Aproximaci\u00f3n (FBA). Recientemente, se sumaron 15 patrulleros y 12 motos de alta cilindrada para fortalecer los operativos de prevenci\u00f3n en los barrios.<\/p>\n","protected":false},"excerpt":{"rendered":"<p>El gobernador de la Provincia, Axel Kicillof, el intendente de Mor\u00f3n, Lucas Ghi, junto con el ex intendente Mart\u00edn Sabbatella supervisaron los avances de la ampliaci\u00f3n del Parque Industrial La Cant\u00e1brica de Haedo. Se trata de intervenciones que permitir\u00e1n contar con los servicios necesarios y para el funcionamiento en las nuevas empresas que se instalen [&hellip;]<\/p>\n","protected":false},"author":1,"featured_media":21630,"comment_status":"closed","ping_status":"closed","sticky":false,"template":"","format":"standard","meta":{"footnotes":""},"categories":[49,28,20],"tags":[83,73,93],"class_list":{"0":"post-21626","1":"post","2":"type-post","3":"status-publish","4":"format-standard","5":"has-post-thumbnail","7":"category-economia-y-gremiales","8":"category-moron","9":"category-municipios","10":"tag-axel-kicillof","11":"tag-lucas-ghi","12":"tag-martin-sabbatella"},"aioseo_notices":[],"_links":{"self":[{"href":"https:\/\/guiadenoticias.com.ar\/diario\/wp-json\/wp\/v2\/posts\/21626","targetHints":{"allow":["GET"]}}],"collection":[{"href":"https:\/\/guiadenoticias.com.ar\/diario\/wp-json\/wp\/v2\/posts"}],"about":[{"href":"https:\/\/guiadenoticias.com.ar\/diario\/wp-json\/wp\/v2\/types\/post"}],"author":[{"embeddable":true,"href":"https:\/\/guiadenoticias.com.ar\/diario\/wp-json\/wp\/v2\/users\/1"}],"replies":[{"embeddable":true,"href":"https:\/\/guiadenoticias.com.ar\/diario\/wp-json\/wp\/v2\/comments?post=21626"}],"version-history":[{"count":1,"href":"https:\/\/guiadenoticias.com.ar\/diario\/wp-json\/wp\/v2\/posts\/21626\/revisions"}],"predecessor-version":[{"id":21628,"href":"https:\/\/guiadenoticias.com.ar\/diario\/wp-json\/wp\/v2\/posts\/21626\/revisions\/21628"}],"wp:featuredmedia":[{"embeddable":true,"href":"https:\/\/guiadenoticias.com.ar\/diario\/wp-json\/wp\/v2\/media\/21630"}],"wp:attachment":[{"href":"https:\/\/guiadenoticias.com.ar\/diario\/wp-json\/wp\/v2\/media?parent=21626"}],"wp:term":[{"taxonomy":"category","embeddable":true,"href":"https:\/\/guiadenoticias.com.ar\/diario\/wp-json\/wp\/v2\/categories?post=21626"},{"taxonomy":"post_tag","embeddable":true,"href":"https:\/\/guiadenoticias.com.ar\/diario\/wp-json\/wp\/v2\/tags?post=21626"}],"curies":[{"name":"wp","href":"https:\/\/api.w.org\/{rel}","templated":true}]}}